{"id":1039215,"date":"2026-08-30T16:46:12","date_gmt":"2026-08-30T13:46:12","guid":{"rendered":"https:\/\/darkamazi.site\/?p=1039215"},"modified":"2026-08-30T16:46:12","modified_gmt":"2026-08-30T13:46:12","slug":"pkkden-muhaliflere-fasizm-dr-serbest-nebi-elestirileri-nedeni-ile-olum-tehdidi-aldi","status":"publish","type":"post","link":"https:\/\/darkamazi.site\/archives\/1039215","title":{"rendered":"PKK\u2019den muhaliflere fa\u015fizm: Dr. Serbest Nebi ele\u015ftirileri nedeni ile \u00f6l\u00fcm tehdidi ald\u0131\u2026"},"content":{"rendered":"<p style=\"text-align: justify;\">PKK son d\u00f6nemde sosyal medyada bir muhalif av\u0131 ba\u015flatm\u0131\u015f durumda. PKK\u2019nin sosyal medyadaki gurubu PKK\u2019yi ele\u015ftiren adresleri bulup, \u015fikayet vb y\u00f6ntemlerle kapatmak d\u0131\u015f\u0131nda ayr\u0131ca tan\u0131nm\u0131\u015f ve etkili ki\u015fileri de \u00f6l\u00fcmle tehdit ediyor. Bu isimlerden biri de Dr. Serbest Nebi.<\/p>\n<p style=\"text-align: justify;\">Kendisi de Rojaval\u0131 olan Koye \u00dcnversitesi \u00d6\u011fretim G\u00f6revlisi Dr. Serbest Nebi ge\u00e7mi\u015fte Rojava\u2019daki sisteme ele\u015ftiriler yapsa da destekleyen ve sahip \u00e7\u0131kan bir duru\u015f g\u00f6stermi\u015fti. \u00d6zellikle Halep \u00e7at\u0131\u015fmas\u0131nda K\u00fcrtlere soka\u011fa \u00e7\u0131kma ve Rojava\u2019ya sahip \u00e7\u0131kma y\u00f6n\u00fcnde yapt\u0131\u011f\u0131 \u00e7a\u011fr\u0131larla tan\u0131n\u0131yor. Fakat Rojava\u2019daki y\u00f6netimin \u015eam ile K\u00fcrt kazan\u0131mlar\u0131n\u0131 masaya yat\u0131rmas\u0131 ve \u00d6calan\u2019\u0131n entegrasyon politikas\u0131na tabi olmas\u0131 ile beraber Nebi Rojava ve \u00d6calan\u2019\u0131n politikas\u0131na d\u00f6n\u00fck ele\u015ftiriler yapt\u0131.\u00a0 Politik bilime uygun ve seviyeli ele\u015ftirilerine ra\u011fmen Dr. Serbest Nebi\u2019de PKK\u2019nin tehditlerinden nasibini ald\u0131.<\/p>\n<p style=\"text-align: justify;\">Sosyal medyada yapt\u0131\u011f\u0131 payla\u015f\u0131mda Dr. Serbest Nebi telefon ve sosyal medya yolu ile PKK\u2019den \u00f6l\u00fcm tehditleri ald\u0131\u011f\u0131n\u0131 a\u00e7\u0131klad\u0131.<\/p>\n<p style=\"text-align: justify;\">Dr. Serbest Nebi kendisine ve ailesine d\u00f6n\u00fck PKK ve PYD taraftarlar\u0131ndan tehdit, hakaret ve te\u015fhir ama\u00e7l\u0131 pek \u00e7ok sald\u0131r\u0131n\u0131n yap\u0131ld\u0131\u011f\u0131n\u0131 belirtti.<\/p>\n<p style=\"text-align: justify;\">Nebi\u2019nin a\u00e7\u0131klamas\u0131ndan sonra sosyal medyada \u00f6zellikle de Arap\u00e7a ve Soranca medyada Dr. Serbest Nebi\u2019ye destek ya\u011fd\u0131.<\/p>\n<p style=\"text-align: justify;\">Destek verenlerden yazar \u0130brahim el-Yussef,, Nebi ve ailesinin, duru\u015flar\u0131 nedeniyle &#8220;\u015fiddet kampanya&#8221;n\u0131n hedefi oldu\u011funu d\u00fc\u015f\u00fcnd\u00fc\u011f\u00fcn\u00fc belirtti. Bunu, y\u0131llard\u0131r farkl\u0131 g\u00f6r\u00fc\u015flere sahip olanlar\u0131 hedef alan benzer kampanyalarla ili\u015fkilendirdi. El-Yussef, farkl\u0131 g\u00f6r\u00fc\u015flere sahip bireyleri hedef almay\u0131 veya ailelerini siyasi anla\u015fmazl\u0131klara dahil etmeyi reddetti\u011fini vurgulayarak, Serbest Nabi&#8217;yi hem K\u00fcrt hem de Suriye halk\u0131 i\u00e7in kritik bir d\u00f6nemde halk\u0131n\u0131n davas\u0131n\u0131 cesurca savunan seslerden biri olarak tan\u0131mlad\u0131.<\/p>\n<p style=\"text-align: justify;\">Yazar Sabri Resul ise, K\u00fcrdistan \u0130\u015f\u00e7i Partisi&#8217;nin (PKK) politikalar\u0131na kat\u0131lmayanlar\u0131 hedef alan k\u0131nama, hakaret ve iftira kampanyalar\u0131n\u0131n, &#8220;PKK\u2019nin siyasi iflas\u0131n\u0131n\u201d bir yans\u0131mas\u0131 oldu\u011funu belirtti. . Bu t\u00fcr kampanyalara maruz kalanlar\u0131n listesinin uzun oldu\u011funun da alt\u0131n\u0131 \u00e7izdi.<\/p>\n","protected":false},"excerpt":{"rendered":"<p>PKK son d\u00f6nemde sosyal medyada bir muhalif av\u0131 ba\u015flatm\u0131\u015f durumda. PKK\u2019nin sosyal medyadaki gurubu PKK\u2019yi ele\u015ftiren adresleri bulup, \u015fikayet vb y\u00f6ntemlerle kapatmak d\u0131\u015f\u0131nda ayr\u0131ca tan\u0131nm\u0131\u015f ve etkili ki\u015fileri de \u00f6l\u00fcmle tehdit ediyor. Bu isimlerden biri de Dr. Serbest Nebi. Kendisi de Rojaval\u0131 olan Koye \u00dcnversitesi \u00d6\u011fretim G\u00f6revlisi Dr. Serbest Nebi ge\u00e7mi\u015fte Rojava\u2019daki sisteme ele\u015ftiriler yapsa [&hellip;]<\/p>\n","protected":false},"author":2,"featured_media":1039216,"comment_status":"closed","ping_status":"closed","sticky":false,"template":"","format":"standard","meta":{"footnotes":""},"categories":[3],"tags":[31],"class_list":["post-1039215","post","type-post","status-publish","format-standard","has-post-thumbnail","hentry","category-kurdistan","tag-onemli"],"blocksy_meta":{"styles_descriptor":{"styles":{"desktop":"","tablet":"","mobile":""},"google_fonts":[],"version":7}},"seo_head":"<!-- This site is optimized with the Yoast SEO plugin v28.3 - https:\/\/yoast.com\/product\/yoast-seo-wordpress\/ -->\n<title>PKK\u2019den muhaliflere fa\u015fizm: Dr. Serbest Nebi ele\u015ftirileri nedeni ile \u00f6l\u00fcm tehdidi ald\u0131\u2026 - Darka Mazi<\/title>\n<meta name=\"robots\" content=\"index, follow, max-snippet:-1, max-image-preview:large, max-video-preview:-1\" \/>\n<link rel=\"canonical\" href=\"https:\/\/darkamazi.site\/archives\/1039215\" \/>\n<meta property=\"og:locale\" content=\"en_US\" \/>\n<meta property=\"og:type\" content=\"article\" \/>\n<meta property=\"og:title\" content=\"PKK\u2019den muhaliflere fa\u015fizm: Dr. Serbest Nebi ele\u015ftirileri nedeni ile \u00f6l\u00fcm tehdidi ald\u0131\u2026 - Darka Mazi\" \/>\n<meta property=\"og:description\" content=\"PKK son d\u00f6nemde sosyal medyada bir muhalif av\u0131 ba\u015flatm\u0131\u015f durumda. PKK\u2019nin sosyal medyadaki gurubu PKK\u2019yi ele\u015ftiren adresleri bulup, \u015fikayet vb y\u00f6ntemlerle kapatmak d\u0131\u015f\u0131nda ayr\u0131ca tan\u0131nm\u0131\u015f ve etkili ki\u015fileri de \u00f6l\u00fcmle tehdit ediyor. Bu isimlerden biri de Dr. Serbest Nebi. Kendisi de Rojaval\u0131 olan Koye \u00dcnversitesi \u00d6\u011fretim G\u00f6revlisi Dr. Serbest Nebi ge\u00e7mi\u015fte Rojava\u2019daki sisteme ele\u015ftiriler yapsa [&hellip;]\" \/>\n<meta property=\"og:url\" content=\"https:\/\/darkamazi.site\/archives\/1039215\" \/>\n<meta property=\"og:site_name\" content=\"Darka Mazi\" \/>\n<meta property=\"article:publisher\" content=\"https:\/\/www.facebook.com\/DarkaMaziturkce\" \/>\n<meta property=\"article:published_time\" content=\"2026-08-30T13:46:12+00:00\" \/>\n<meta property=\"og:image\" content=\"https:\/\/darkamazi.site\/file\/2026\/08\/serbest-nebi.jpg\" \/>\n\t<meta property=\"og:image:width\" content=\"900\" \/>\n\t<meta property=\"og:image:height\" content=\"500\" \/>\n\t<meta property=\"og:image:type\" content=\"image\/jpeg\" \/>\n<meta name=\"author\" content=\"darka mazi\" \/>\n<meta name=\"twitter:card\" content=\"summary_large_image\" \/>\n<meta name=\"twitter:creator\" content=\"@DarkaMaziTurkce\" \/>\n<meta name=\"twitter:site\" content=\"@DarkaMaziTurkce\" \/>\n<meta name=\"twitter:label1\" content=\"Written by\" \/>\n\t<meta name=\"twitter:data1\" content=\"darka mazi\" \/>\n\t<meta name=\"twitter:label2\" content=\"Est. reading time\" \/>\n\t<meta name=\"twitter:data2\" content=\"2 minutes\" \/>\n<script type=\"application\/ld+json\" class=\"seo-schema-graph\">{\"@context\":\"https:\\\/\\\/schema.org\",\"@graph\":[{\"@type\":\"NewsArticle\",\"@id\":\"https:\\\/\\\/darkamazi.site\\\/archives\\\/1039215#article\",\"isPartOf\":{\"@id\":\"https:\\\/\\\/darkamazi.site\\\/archives\\\/1039215\"},\"author\":{\"name\":\"darka mazi\",\"@id\":\"https:\\\/\\\/darkamazi.site\\\/#\\\/schema\\\/person\\\/67986a95ac546c16760365877ef4a9d3\"},\"headline\":\"PKK\u2019den muhaliflere fa\u015fizm: Dr. Serbest Nebi ele\u015ftirileri nedeni ile \u00f6l\u00fcm tehdidi ald\u0131\u2026\",\"datePublished\":\"2026-08-30T13:46:12+00:00\",\"mainEntityOfPage\":{\"@id\":\"https:\\\/\\\/darkamazi.site\\\/archives\\\/1039215\"},\"wordCount\":391,\"publisher\":{\"@id\":\"https:\\\/\\\/darkamazi.site\\\/#organization\"},\"image\":{\"@id\":\"https:\\\/\\\/darkamazi.site\\\/archives\\\/1039215#primaryimage\"},\"thumbnailUrl\":\"https:\\\/\\\/darkamazi.site\\\/darka-content\\\/uploads\\\/2026\\\/08\\\/serbest-nebi.jpg\",\"keywords\":[\"\u00f6nemli\"],\"articleSection\":[\"Kurdistan\"],\"inLanguage\":\"en-US\"},{\"@type\":\"WebPage\",\"@id\":\"https:\\\/\\\/darkamazi.site\\\/archives\\\/1039215\",\"url\":\"https:\\\/\\\/darkamazi.site\\\/archives\\\/1039215\",\"name\":\"PKK\u2019den muhaliflere fa\u015fizm: Dr. Serbest Nebi ele\u015ftirileri nedeni ile \u00f6l\u00fcm tehdidi ald\u0131\u2026 - Darka Mazi\",\"isPartOf\":{\"@id\":\"https:\\\/\\\/darkamazi.site\\\/#website\"},\"primaryImageOfPage\":{\"@id\":\"https:\\\/\\\/darkamazi.site\\\/archives\\\/1039215#primaryimage\"},\"image\":{\"@id\":\"https:\\\/\\\/darkamazi.site\\\/archives\\\/1039215#primaryimage\"},\"thumbnailUrl\":\"https:\\\/\\\/darkamazi.site\\\/darka-content\\\/uploads\\\/2026\\\/08\\\/serbest-nebi.jpg\",\"datePublished\":\"2026-08-30T13:46:12+00:00\",\"breadcrumb\":{\"@id\":\"https:\\\/\\\/darkamazi.site\\\/archives\\\/1039215#breadcrumb\"},\"inLanguage\":\"en-US\",\"potentialAction\":[{\"@type\":\"ReadAction\",\"target\":[\"https:\\\/\\\/darkamazi.site\\\/archives\\\/1039215\"]}]},{\"@type\":\"ImageObject\",\"inLanguage\":\"en-US\",\"@id\":\"https:\\\/\\\/darkamazi.site\\\/archives\\\/1039215#primaryimage\",\"url\":\"https:\\\/\\\/darkamazi.site\\\/darka-content\\\/uploads\\\/2026\\\/08\\\/serbest-nebi.jpg\",\"contentUrl\":\"https:\\\/\\\/darkamazi.site\\\/darka-content\\\/uploads\\\/2026\\\/08\\\/serbest-nebi.jpg\",\"width\":900,\"height\":500,\"caption\":\"PKK\u2019den muhaliflere fa\u015fizm: Dr. Serbest Nebi ele\u015ftirileri nedeni ile \u00f6l\u00fcm tehdidi ald\u0131\u2026\"},{\"@type\":\"BreadcrumbList\",\"@id\":\"https:\\\/\\\/darkamazi.site\\\/archives\\\/1039215#breadcrumb\",\"itemListElement\":[{\"@type\":\"ListItem\",\"position\":1,\"name\":\"Home\",\"item\":\"https:\\\/\\\/darkamazi.site\\\/\"},{\"@type\":\"ListItem\",\"position\":2,\"name\":\"PKK\u2019den muhaliflere fa\u015fizm: Dr. Serbest Nebi ele\u015ftirileri nedeni ile \u00f6l\u00fcm tehdidi ald\u0131\u2026\"}]},{\"@type\":\"WebSite\",\"@id\":\"https:\\\/\\\/darkamazi.site\\\/#website\",\"url\":\"https:\\\/\\\/darkamazi.site\\\/\",\"name\":\"Darka Mazi\",\"description\":\"Ana Sayfa\",\"publisher\":{\"@id\":\"https:\\\/\\\/darkamazi.site\\\/#organization\"},\"potentialAction\":[{\"@type\":\"SearchAction\",\"target\":{\"@type\":\"EntryPoint\",\"urlTemplate\":\"https:\\\/\\\/darkamazi.site\\\/?s={search_term_string}\"},\"query-input\":{\"@type\":\"PropertyValueSpecification\",\"valueRequired\":true,\"valueName\":\"search_term_string\"}}],\"inLanguage\":\"en-US\"},{\"@type\":\"Organization\",\"@id\":\"https:\\\/\\\/darkamazi.site\\\/#organization\",\"name\":\"Darka Mazi T\u00fcrk\u00e7e\",\"alternateName\":\"Darka Mazi\",\"url\":\"https:\\\/\\\/darkamazi.site\\\/\",\"logo\":{\"@type\":\"ImageObject\",\"inLanguage\":\"en-US\",\"@id\":\"https:\\\/\\\/darkamazi.site\\\/#\\\/schema\\\/logo\\\/image\\\/\",\"url\":\"https:\\\/\\\/darkamazi.site\\\/darka-content\\\/uploads\\\/2017\\\/12\\\/darka-mazi-logo.png\",\"contentUrl\":\"https:\\\/\\\/darkamazi.site\\\/darka-content\\\/uploads\\\/2017\\\/12\\\/darka-mazi-logo.png\",\"width\":151,\"height\":75,\"caption\":\"Darka Mazi T\u00fcrk\u00e7e\"},\"image\":{\"@id\":\"https:\\\/\\\/darkamazi.site\\\/#\\\/schema\\\/logo\\\/image\\\/\"},\"sameAs\":[\"https:\\\/\\\/www.facebook.com\\\/DarkaMaziturkce\",\"https:\\\/\\\/x.com\\\/DarkaMaziTurkce\"]},{\"@type\":\"Person\",\"@id\":\"https:\\\/\\\/darkamazi.site\\\/#\\\/schema\\\/person\\\/67986a95ac546c16760365877ef4a9d3\",\"name\":\"darka mazi\",\"sameAs\":[\"https:\\\/\\\/darkamazi.site\"],\"url\":\"https:\\\/\\\/darkamazi.site\\\/archives\\\/author\\\/turkish\"}]}<\/script>\n<!-- \/ Yoast SEO plugin. -->","seo_head_json":{"title":"PKK\u2019den muhaliflere fa\u015fizm: Dr. Serbest Nebi ele\u015ftirileri nedeni ile \u00f6l\u00fcm tehdidi ald\u0131\u2026 - Darka Mazi","robots":{"index":"index","follow":"follow","max-snippet":"max-snippet:-1","max-image-preview":"max-image-preview:large","max-video-preview":"max-video-preview:-1"},"canonical":"https:\/\/darkamazi.site\/archives\/1039215","og_locale":"en_US","og_type":"article","og_title":"PKK\u2019den muhaliflere fa\u015fizm: Dr. Serbest Nebi ele\u015ftirileri nedeni ile \u00f6l\u00fcm tehdidi ald\u0131\u2026 - Darka Mazi","og_description":"PKK son d\u00f6nemde sosyal medyada bir muhalif av\u0131 ba\u015flatm\u0131\u015f durumda. PKK\u2019nin sosyal medyadaki gurubu PKK\u2019yi ele\u015ftiren adresleri bulup, \u015fikayet vb y\u00f6ntemlerle kapatmak d\u0131\u015f\u0131nda ayr\u0131ca tan\u0131nm\u0131\u015f ve etkili ki\u015fileri de \u00f6l\u00fcmle tehdit ediyor. Bu isimlerden biri de Dr. Serbest Nebi. Kendisi de Rojaval\u0131 olan Koye \u00dcnversitesi \u00d6\u011fretim G\u00f6revlisi Dr. Serbest Nebi ge\u00e7mi\u015fte Rojava\u2019daki sisteme ele\u015ftiriler yapsa [&hellip;]","og_url":"https:\/\/darkamazi.site\/archives\/1039215","og_site_name":"Darka Mazi","article_publisher":"https:\/\/www.facebook.com\/DarkaMaziturkce","article_published_time":"2026-08-30T13:46:12+00:00","og_image":[{"width":900,"height":500,"url":"https:\/\/darkamazi.site\/file\/2026\/08\/serbest-nebi.jpg","type":"image\/jpeg"}],"author":"darka mazi","twitter_card":"summary_large_image","twitter_creator":"@DarkaMaziTurkce","twitter_site":"@DarkaMaziTurkce","twitter_misc":{"Written by":"darka mazi","Est. reading time":"2 minutes"},"schema":{"@context":"https:\/\/schema.org","@graph":[{"@type":"NewsArticle","@id":"https:\/\/darkamazi.site\/archives\/1039215#article","isPartOf":{"@id":"https:\/\/darkamazi.site\/archives\/1039215"},"author":{"name":"darka mazi","@id":"https:\/\/darkamazi.site\/#\/schema\/person\/67986a95ac546c16760365877ef4a9d3"},"headline":"PKK\u2019den muhaliflere fa\u015fizm: Dr. Serbest Nebi ele\u015ftirileri nedeni ile \u00f6l\u00fcm tehdidi ald\u0131\u2026","datePublished":"2026-08-30T13:46:12+00:00","mainEntityOfPage":{"@id":"https:\/\/darkamazi.site\/archives\/1039215"},"wordCount":391,"publisher":{"@id":"https:\/\/darkamazi.site\/#organization"},"image":{"@id":"https:\/\/darkamazi.site\/archives\/1039215#primaryimage"},"thumbnailUrl":"https:\/\/darkamazi.site\/file\/2026\/08\/serbest-nebi.jpg","keywords":["\u00f6nemli"],"articleSection":["Kurdistan"],"inLanguage":"en-US"},{"@type":"WebPage","@id":"https:\/\/darkamazi.site\/archives\/1039215","url":"https:\/\/darkamazi.site\/archives\/1039215","name":"PKK\u2019den muhaliflere fa\u015fizm: Dr. Serbest Nebi ele\u015ftirileri nedeni ile \u00f6l\u00fcm tehdidi ald\u0131\u2026 - Darka Mazi","isPartOf":{"@id":"https:\/\/darkamazi.site\/#website"},"primaryImageOfPage":{"@id":"https:\/\/darkamazi.site\/archives\/1039215#primaryimage"},"image":{"@id":"https:\/\/darkamazi.site\/archives\/1039215#primaryimage"},"thumbnailUrl":"https:\/\/darkamazi.site\/file\/2026\/08\/serbest-nebi.jpg","datePublished":"2026-08-30T13:46:12+00:00","breadcrumb":{"@id":"https:\/\/darkamazi.site\/archives\/1039215#breadcrumb"},"inLanguage":"en-US","potentialAction":[{"@type":"ReadAction","target":["https:\/\/darkamazi.site\/archives\/1039215"]}]},{"@type":"ImageObject","inLanguage":"en-US","@id":"https:\/\/darkamazi.site\/archives\/1039215#primaryimage","url":"https:\/\/darkamazi.site\/file\/2026\/08\/serbest-nebi.jpg","contentUrl":"https:\/\/darkamazi.site\/file\/2026\/08\/serbest-nebi.jpg","width":900,"height":500,"caption":"PKK\u2019den muhaliflere fa\u015fizm: Dr. Serbest Nebi ele\u015ftirileri nedeni ile \u00f6l\u00fcm tehdidi ald\u0131\u2026"},{"@type":"BreadcrumbList","@id":"https:\/\/darkamazi.site\/archives\/1039215#breadcrumb","itemListElement":[{"@type":"ListItem","position":1,"name":"Home","item":"https:\/\/darkamazi.site\/"},{"@type":"ListItem","position":2,"name":"PKK\u2019den muhaliflere fa\u015fizm: Dr. Serbest Nebi ele\u015ftirileri nedeni ile \u00f6l\u00fcm tehdidi ald\u0131\u2026"}]},{"@type":"WebSite","@id":"https:\/\/darkamazi.site\/#website","url":"https:\/\/darkamazi.site\/","name":"Darka Mazi","description":"Ana Sayfa","publisher":{"@id":"https:\/\/darkamazi.site\/#organization"},"potentialAction":[{"@type":"SearchAction","target":{"@type":"EntryPoint","urlTemplate":"https:\/\/darkamazi.site\/?s={search_term_string}"},"query-input":{"@type":"PropertyValueSpecification","valueRequired":true,"valueName":"search_term_string"}}],"inLanguage":"en-US"},{"@type":"Organization","@id":"https:\/\/darkamazi.site\/#organization","name":"Darka Mazi T\u00fcrk\u00e7e","alternateName":"Darka Mazi","url":"https:\/\/darkamazi.site\/","logo":{"@type":"ImageObject","inLanguage":"en-US","@id":"https:\/\/darkamazi.site\/#\/schema\/logo\/image\/","url":"https:\/\/darkamazi.site\/file\/2017\/12\/darka-mazi-logo.png","contentUrl":"https:\/\/darkamazi.site\/file\/2017\/12\/darka-mazi-logo.png","width":151,"height":75,"caption":"Darka Mazi T\u00fcrk\u00e7e"},"image":{"@id":"https:\/\/darkamazi.site\/#\/schema\/logo\/image\/"},"sameAs":["https:\/\/www.facebook.com\/DarkaMaziturkce","https:\/\/x.com\/DarkaMaziTurkce"]},{"@type":"Person","@id":"https:\/\/darkamazi.site\/#\/schema\/person\/67986a95ac546c16760365877ef4a9d3","name":"darka mazi","sameAs":["https:\/\/darkamazi.site"],"url":"https:\/\/darkamazi.site\/archives\/author\/turkish"}]}},"_links":{"self":[{"href":"https:\/\/darkamazi.site\/funavuv\/wp\/v2\/posts\/1039215","targetHints":{"allow":["GET"]}}],"collection":[{"href":"https:\/\/darkamazi.site\/funavuv\/wp\/v2\/posts"}],"about":[{"href":"https:\/\/darkamazi.site\/funavuv\/wp\/v2\/types\/post"}],"author":[{"embeddable":true,"href":"https:\/\/darkamazi.site\/funavuv\/wp\/v2\/users\/2"}],"replies":[{"embeddable":true,"href":"https:\/\/darkamazi.site\/funavuv\/wp\/v2\/comments?post=1039215"}],"version-history":[{"count":1,"href":"https:\/\/darkamazi.site\/funavuv\/wp\/v2\/posts\/1039215\/revisions"}],"predecessor-version":[{"id":1039217,"href":"https:\/\/darkamazi.site\/funavuv\/wp\/v2\/posts\/1039215\/revisions\/1039217"}],"wp:featuredmedia":[{"embeddable":true,"href":"https:\/\/darkamazi.site\/funavuv\/wp\/v2\/media\/1039216"}],"wp:attachment":[{"href":"https:\/\/darkamazi.site\/funavuv\/wp\/v2\/media?parent=1039215"}],"wp:term":[{"taxonomy":"category","embeddable":true,"href":"https:\/\/darkamazi.site\/funavuv\/wp\/v2\/categories?post=1039215"},{"taxonomy":"post_tag","embeddable":true,"href":"https:\/\/darkamazi.site\/funavuv\/wp\/v2\/tags?post=1039215"}],"curies":[{"name":"wp","href":"https:\/\/api.w.org\/{rel}","templated":true}]}}