{"id":1039224,"date":"2026-09-01T15:56:22","date_gmt":"2026-09-01T12:56:22","guid":{"rendered":"https:\/\/darkamazi.site\/?p=1039224"},"modified":"2026-09-01T15:56:22","modified_gmt":"2026-09-01T12:56:22","slug":"pkkli-erdal-avci-akademisyen-yektan-turkyilmazi-olumle-tehdit-etti","status":"publish","type":"post","link":"https:\/\/darkamazi.site\/archives\/1039224","title":{"rendered":"PKK\u2019li Erdal Avc\u0131, Akademisyen Yektan T\u00fcrky\u0131lmaz\u2019\u0131 \u00f6l\u00fcmle tehdit etti\u2026"},"content":{"rendered":"<p style=\"text-align: justify;\">PKK\u2019nin sosyal medyada K\u00fcrdistani \u00e7izgideki K\u00fcrtlere kar\u015f\u0131 ba\u015flatt\u0131\u011f\u0131 cad\u0131 av\u0131 devam ediyor. Son bir y\u0131l i\u00e7inde onlarca isimi direk ula\u015farak veya sosyal medyadan tehdit eden PKK\u2019li guruplar son aylarda faliyetlerini h\u0131zland\u0131rd\u0131. Son olarak Akademisyen Yektan T\u00fcrky\u0131lmaz PKK\u2019li isimler taraf\u0131ndan a\u00e7\u0131k bi\u00e7imde tehdit edildi.<\/p>\n<p style=\"text-align: justify;\">Yapt\u0131\u011f\u0131 Akademik \u00e7al\u0131\u015fmalar\u0131 ve K\u00fcrdistani g\u00fcndeme sundu\u011fu entelekt\u00fcel katk\u0131lar\u0131 ile tan\u0131nan Yektan T\u00fcrky\u0131lmaz bir d\u00f6nemdir sosyal medyada PKK\u2019lilerin hakaretlerine u\u011fruyordu. Son olarak ise PKK\u2019nin legal aya\u011f\u0131nda \u00f6nemli bir isim olan Erdal Avc\u0131 taraf\u0131ndan a\u00e7\u0131k bi\u00e7imde tehdit edildi.<\/p>\n<p style=\"text-align: justify;\">Erdal Avc\u0131 sosyal medyadan PKK\u2019nin \u00f6l\u00fcmle tehdit anlam\u0131na gelen \u201cyar\u0131na b\u0131rak\u0131r ama yan\u0131na b\u0131rakmaz\u201d s\u00f6zleri ile T\u00fcrky\u0131lmaz\u2019\u0131 tehdit etti.<\/p>\n<p style=\"text-align: justify;\">PKK\u2019nin 1990\u2019lardan beri Kuzey K\u00fcrdistan ve T\u00fcrkiye aya\u011f\u0131nda yer alan ve HDP\u2019den milletvekili olan Erdal Avc\u0131 \u00f6zellikle de Kom M\u00fczik\u2019te sanat\u00e7\u0131lara uygulad\u0131\u011f\u0131 bask\u0131 ve ekonomik ku\u015fatma ile bilinen bir isim. Avc\u0131 ayr\u0131ca PKK\u2019nin K\u00fclt\u00fcr Sanat Komitesi \u00fcyesi olarak Kuzey k\u00fcrdistan\u2019daki t\u00fcm sanat \u00e7al\u0131\u015fmalar\u0131n\u0131 denetliyor. Son d\u00f6nemde ise sanat\u00e7\u0131 Mem Ararat\u2019\u0131n a\u00e7\u0131klamalar\u0131 ile sanat \u00fczerindeki kurdu\u011fu ekonomik ambargo ile g\u00fcndeme gelmi\u015fti.<\/p>\n<p style=\"text-align: justify;\">Bu kadar tan\u0131nan bir ismin sosyal medyada a\u00e7\u0131k a\u00e7\u0131k \u201c\u00d6calan ve arkada\u015flar\u0131 yar\u0131na b\u0131rak\u0131r ama yan\u0131na b\u0131rakmaz\u201d diyerek Yektan T\u00fcrky\u0131lmaz\u2019\u0131 tehdit edi\u015fi sosyal medyada b\u00fcy\u00fck tepki ald\u0131.<\/p>\n<p style=\"text-align: justify;\">Art\u0131k devlet ile i\u00e7 i\u00e7e hareket etti\u011fini gizleme gere\u011fi duymayan PKK\u2019nin, devletin deste\u011fini de arkas\u0131na alarak K\u00fcrt ayd\u0131n, \u00a0entelekt\u00fcel ve K\u00fcrdistani \u015fahsiyetleri ehdit etmesi yeni bir d\u00f6nemin ba\u015flang\u0131c\u0131 olarak okuna bilir. PKK 1980\u2019li y\u0131llar\u0131n ba\u015f\u0131ndan itibaren pek \u00e7ok K\u00fcrt vatanseverini ele\u015ftirileri nedeni ile katletmi\u015fti. Avrupa\u2019da, Kuzey K\u00fcrdistan\u2019da hatta kendi i\u00e7inde dahi pek \u00e7ok ki\u015fi \u00f6ld\u00fcr\u00fcld\u00fc. \u015eu ana de\u011fin PKK\u2019nin bu katliamlar\u0131n\u0131n hesab\u0131 sorulmad\u0131\u011f\u0131 ve mahkemeler ta\u015f\u0131nmad\u0131\u011f\u0131 i\u00e7in muhalifleri \u00f6ld\u00fcrme konusunda olduk\u00e7a g\u00f6ze kara\u00a0 davrand\u0131. PKK\u2019nin bundan sonra T\u00fcrk devletinin de a\u00e7\u0131k-\u00f6rt\u00fcl\u00fc deste\u011fi ile PKK politikas\u0131n\u0131 ele\u015ftirenleri hedeflemesi ve bunu \u015fiddet kullanarak yapmas\u0131 bekleniyor.<\/p>\n<p style=\"text-align: justify;\">T\u00fcrk devleti de Ru\u015fen \u00c7ak\u0131r, Tu\u011f\u00e7e Tatari vb gazetecileri arac\u0131l\u0131\u011f\u0131 ile K\u00fcrdistani \u00e7izgide olanlar\u0131 d\u00fc\u015fmanla\u015ft\u0131rarak PKK\u2019nin siyaseti ile paralel bir kamuoyu yaratma \u00e7abas\u0131 i\u00e7inde.<\/p>\n<p style=\"text-align: justify;\">Bir \u00e7ok ayd\u0131n \u00e7evre PKK\u2019nin direk ve dolayl\u0131 tehditlerini mahkemelere ta\u015f\u0131ma ve sosyal medyada te\u015fhir etmenin sald\u0131r\u0131lar\u0131n \u015fiddetini k\u0131rmada etkili olaca\u011f\u0131n\u0131 d\u00fc\u015f\u00fcn\u00fcyor.<\/p>\n","protected":false},"excerpt":{"rendered":"<p>PKK\u2019nin sosyal medyada K\u00fcrdistani \u00e7izgideki K\u00fcrtlere kar\u015f\u0131 ba\u015flatt\u0131\u011f\u0131 cad\u0131 av\u0131 devam ediyor. Son bir y\u0131l i\u00e7inde onlarca isimi direk ula\u015farak veya sosyal medyadan tehdit eden PKK\u2019li guruplar son aylarda faliyetlerini h\u0131zland\u0131rd\u0131. Son olarak Akademisyen Yektan T\u00fcrky\u0131lmaz PKK\u2019li isimler taraf\u0131ndan a\u00e7\u0131k bi\u00e7imde tehdit edildi. Yapt\u0131\u011f\u0131 Akademik \u00e7al\u0131\u015fmalar\u0131 ve K\u00fcrdistani g\u00fcndeme sundu\u011fu entelekt\u00fcel katk\u0131lar\u0131 ile tan\u0131nan Yektan [&hellip;]<\/p>\n","protected":false},"author":2,"featured_media":1039225,"comment_status":"closed","ping_status":"closed","sticky":false,"template":"","format":"standard","meta":{"footnotes":""},"categories":[3],"tags":[31],"class_list":["post-1039224","post","type-post","status-publish","format-standard","has-post-thumbnail","hentry","category-kurdistan","tag-onemli"],"blocksy_meta":{"styles_descriptor":{"styles":{"desktop":"","tablet":"","mobile":""},"google_fonts":[],"version":7}},"seo_head":"<!-- This site is optimized with the Yoast SEO plugin v28.4 - https:\/\/yoast.com\/product\/yoast-seo-wordpress\/ -->\n<title>PKK\u2019li Erdal Avc\u0131, Akademisyen Yektan T\u00fcrky\u0131lmaz\u2019\u0131 \u00f6l\u00fcmle tehdit etti\u2026 - Darka Mazi<\/title>\n<meta name=\"robots\" content=\"index, follow, max-snippet:-1, max-image-preview:large, max-video-preview:-1\" \/>\n<link rel=\"canonical\" href=\"https:\/\/darkamazi.site\/archives\/1039224\" \/>\n<meta property=\"og:locale\" content=\"en_US\" \/>\n<meta property=\"og:type\" content=\"article\" \/>\n<meta property=\"og:title\" content=\"PKK\u2019li Erdal Avc\u0131, Akademisyen Yektan T\u00fcrky\u0131lmaz\u2019\u0131 \u00f6l\u00fcmle tehdit etti\u2026 - Darka Mazi\" \/>\n<meta property=\"og:description\" content=\"PKK\u2019nin sosyal medyada K\u00fcrdistani \u00e7izgideki K\u00fcrtlere kar\u015f\u0131 ba\u015flatt\u0131\u011f\u0131 cad\u0131 av\u0131 devam ediyor. Son bir y\u0131l i\u00e7inde onlarca isimi direk ula\u015farak veya sosyal medyadan tehdit eden PKK\u2019li guruplar son aylarda faliyetlerini h\u0131zland\u0131rd\u0131. Son olarak Akademisyen Yektan T\u00fcrky\u0131lmaz PKK\u2019li isimler taraf\u0131ndan a\u00e7\u0131k bi\u00e7imde tehdit edildi. Yapt\u0131\u011f\u0131 Akademik \u00e7al\u0131\u015fmalar\u0131 ve K\u00fcrdistani g\u00fcndeme sundu\u011fu entelekt\u00fcel katk\u0131lar\u0131 ile tan\u0131nan Yektan [&hellip;]\" \/>\n<meta property=\"og:url\" content=\"https:\/\/darkamazi.site\/archives\/1039224\" \/>\n<meta property=\"og:site_name\" content=\"Darka Mazi\" \/>\n<meta property=\"article:publisher\" content=\"https:\/\/www.facebook.com\/DarkaMaziturkce\" \/>\n<meta property=\"article:published_time\" content=\"2026-09-01T12:56:22+00:00\" \/>\n<meta property=\"og:image\" content=\"https:\/\/darkamazi.site\/file\/2026\/09\/yektan-turkyilmaz.jpg\" \/>\n\t<meta property=\"og:image:width\" content=\"900\" \/>\n\t<meta property=\"og:image:height\" content=\"500\" \/>\n\t<meta property=\"og:image:type\" content=\"image\/jpeg\" \/>\n<meta name=\"author\" content=\"darka mazi\" \/>\n<meta name=\"twitter:card\" content=\"summary_large_image\" \/>\n<meta name=\"twitter:creator\" content=\"@DarkaMaziTurkce\" \/>\n<meta name=\"twitter:site\" content=\"@DarkaMaziTurkce\" \/>\n<meta name=\"twitter:label1\" content=\"Written by\" \/>\n\t<meta name=\"twitter:data1\" content=\"darka mazi\" \/>\n\t<meta name=\"twitter:label2\" content=\"Est. reading time\" \/>\n\t<meta name=\"twitter:data2\" content=\"2 minutes\" \/>\n<script type=\"application\/ld+json\" class=\"seo-schema-graph\">{\"@context\":\"https:\\\/\\\/schema.org\",\"@graph\":[{\"@type\":\"NewsArticle\",\"@id\":\"https:\\\/\\\/darkamazi.site\\\/archives\\\/1039224#article\",\"isPartOf\":{\"@id\":\"https:\\\/\\\/darkamazi.site\\\/archives\\\/1039224\"},\"author\":{\"name\":\"darka mazi\",\"@id\":\"https:\\\/\\\/darkamazi.site\\\/#\\\/schema\\\/person\\\/67986a95ac546c16760365877ef4a9d3\"},\"headline\":\"PKK\u2019li Erdal Avc\u0131, Akademisyen Yektan T\u00fcrky\u0131lmaz\u2019\u0131 \u00f6l\u00fcmle tehdit etti\u2026\",\"datePublished\":\"2026-09-01T12:56:22+00:00\",\"mainEntityOfPage\":{\"@id\":\"https:\\\/\\\/darkamazi.site\\\/archives\\\/1039224\"},\"wordCount\":486,\"publisher\":{\"@id\":\"https:\\\/\\\/darkamazi.site\\\/#organization\"},\"image\":{\"@id\":\"https:\\\/\\\/darkamazi.site\\\/archives\\\/1039224#primaryimage\"},\"thumbnailUrl\":\"https:\\\/\\\/darkamazi.site\\\/darka-content\\\/uploads\\\/2026\\\/09\\\/yektan-turkyilmaz.jpg\",\"keywords\":[\"\u00f6nemli\"],\"articleSection\":[\"Kurdistan\"],\"inLanguage\":\"en-US\"},{\"@type\":\"WebPage\",\"@id\":\"https:\\\/\\\/darkamazi.site\\\/archives\\\/1039224\",\"url\":\"https:\\\/\\\/darkamazi.site\\\/archives\\\/1039224\",\"name\":\"PKK\u2019li Erdal Avc\u0131, Akademisyen Yektan T\u00fcrky\u0131lmaz\u2019\u0131 \u00f6l\u00fcmle tehdit etti\u2026 - Darka Mazi\",\"isPartOf\":{\"@id\":\"https:\\\/\\\/darkamazi.site\\\/#website\"},\"primaryImageOfPage\":{\"@id\":\"https:\\\/\\\/darkamazi.site\\\/archives\\\/1039224#primaryimage\"},\"image\":{\"@id\":\"https:\\\/\\\/darkamazi.site\\\/archives\\\/1039224#primaryimage\"},\"thumbnailUrl\":\"https:\\\/\\\/darkamazi.site\\\/darka-content\\\/uploads\\\/2026\\\/09\\\/yektan-turkyilmaz.jpg\",\"datePublished\":\"2026-09-01T12:56:22+00:00\",\"breadcrumb\":{\"@id\":\"https:\\\/\\\/darkamazi.site\\\/archives\\\/1039224#breadcrumb\"},\"inLanguage\":\"en-US\",\"potentialAction\":[{\"@type\":\"ReadAction\",\"target\":[\"https:\\\/\\\/darkamazi.site\\\/archives\\\/1039224\"]}]},{\"@type\":\"ImageObject\",\"inLanguage\":\"en-US\",\"@id\":\"https:\\\/\\\/darkamazi.site\\\/archives\\\/1039224#primaryimage\",\"url\":\"https:\\\/\\\/darkamazi.site\\\/darka-content\\\/uploads\\\/2026\\\/09\\\/yektan-turkyilmaz.jpg\",\"contentUrl\":\"https:\\\/\\\/darkamazi.site\\\/darka-content\\\/uploads\\\/2026\\\/09\\\/yektan-turkyilmaz.jpg\",\"width\":900,\"height\":500,\"caption\":\"PKK\u2019li Erdal Avc\u0131, Akademisyen Yektan T\u00fcrky\u0131lmaz\u2019\u0131 \u00f6l\u00fcmle tehdit etti\u2026\"},{\"@type\":\"BreadcrumbList\",\"@id\":\"https:\\\/\\\/darkamazi.site\\\/archives\\\/1039224#breadcrumb\",\"itemListElement\":[{\"@type\":\"ListItem\",\"position\":1,\"name\":\"Home\",\"item\":\"https:\\\/\\\/darkamazi.site\\\/\"},{\"@type\":\"ListItem\",\"position\":2,\"name\":\"PKK\u2019li Erdal Avc\u0131, Akademisyen Yektan T\u00fcrky\u0131lmaz\u2019\u0131 \u00f6l\u00fcmle tehdit etti\u2026\"}]},{\"@type\":\"WebSite\",\"@id\":\"https:\\\/\\\/darkamazi.site\\\/#website\",\"url\":\"https:\\\/\\\/darkamazi.site\\\/\",\"name\":\"Darka Mazi\",\"description\":\"Ana Sayfa\",\"publisher\":{\"@id\":\"https:\\\/\\\/darkamazi.site\\\/#organization\"},\"potentialAction\":[{\"@type\":\"SearchAction\",\"target\":{\"@type\":\"EntryPoint\",\"urlTemplate\":\"https:\\\/\\\/darkamazi.site\\\/?s={search_term_string}\"},\"query-input\":{\"@type\":\"PropertyValueSpecification\",\"valueRequired\":true,\"valueName\":\"search_term_string\"}}],\"inLanguage\":\"en-US\"},{\"@type\":\"Organization\",\"@id\":\"https:\\\/\\\/darkamazi.site\\\/#organization\",\"name\":\"Darka Mazi T\u00fcrk\u00e7e\",\"alternateName\":\"Darka Mazi\",\"url\":\"https:\\\/\\\/darkamazi.site\\\/\",\"logo\":{\"@type\":\"ImageObject\",\"inLanguage\":\"en-US\",\"@id\":\"https:\\\/\\\/darkamazi.site\\\/#\\\/schema\\\/logo\\\/image\\\/\",\"url\":\"https:\\\/\\\/darkamazi.site\\\/darka-content\\\/uploads\\\/2017\\\/12\\\/darka-mazi-logo.png\",\"contentUrl\":\"https:\\\/\\\/darkamazi.site\\\/darka-content\\\/uploads\\\/2017\\\/12\\\/darka-mazi-logo.png\",\"width\":151,\"height\":75,\"caption\":\"Darka Mazi T\u00fcrk\u00e7e\"},\"image\":{\"@id\":\"https:\\\/\\\/darkamazi.site\\\/#\\\/schema\\\/logo\\\/image\\\/\"},\"sameAs\":[\"https:\\\/\\\/www.facebook.com\\\/DarkaMaziturkce\",\"https:\\\/\\\/x.com\\\/DarkaMaziTurkce\"]},{\"@type\":\"Person\",\"@id\":\"https:\\\/\\\/darkamazi.site\\\/#\\\/schema\\\/person\\\/67986a95ac546c16760365877ef4a9d3\",\"name\":\"darka mazi\",\"sameAs\":[\"https:\\\/\\\/darkamazi.site\"],\"url\":\"https:\\\/\\\/darkamazi.site\\\/archives\\\/author\\\/turkish\"}]}<\/script>\n<!-- \/ Yoast SEO plugin. -->","seo_head_json":{"title":"PKK\u2019li Erdal Avc\u0131, Akademisyen Yektan T\u00fcrky\u0131lmaz\u2019\u0131 \u00f6l\u00fcmle tehdit etti\u2026 - Darka Mazi","robots":{"index":"index","follow":"follow","max-snippet":"max-snippet:-1","max-image-preview":"max-image-preview:large","max-video-preview":"max-video-preview:-1"},"canonical":"https:\/\/darkamazi.site\/archives\/1039224","og_locale":"en_US","og_type":"article","og_title":"PKK\u2019li Erdal Avc\u0131, Akademisyen Yektan T\u00fcrky\u0131lmaz\u2019\u0131 \u00f6l\u00fcmle tehdit etti\u2026 - Darka Mazi","og_description":"PKK\u2019nin sosyal medyada K\u00fcrdistani \u00e7izgideki K\u00fcrtlere kar\u015f\u0131 ba\u015flatt\u0131\u011f\u0131 cad\u0131 av\u0131 devam ediyor. Son bir y\u0131l i\u00e7inde onlarca isimi direk ula\u015farak veya sosyal medyadan tehdit eden PKK\u2019li guruplar son aylarda faliyetlerini h\u0131zland\u0131rd\u0131. Son olarak Akademisyen Yektan T\u00fcrky\u0131lmaz PKK\u2019li isimler taraf\u0131ndan a\u00e7\u0131k bi\u00e7imde tehdit edildi. Yapt\u0131\u011f\u0131 Akademik \u00e7al\u0131\u015fmalar\u0131 ve K\u00fcrdistani g\u00fcndeme sundu\u011fu entelekt\u00fcel katk\u0131lar\u0131 ile tan\u0131nan Yektan [&hellip;]","og_url":"https:\/\/darkamazi.site\/archives\/1039224","og_site_name":"Darka Mazi","article_publisher":"https:\/\/www.facebook.com\/DarkaMaziturkce","article_published_time":"2026-09-01T12:56:22+00:00","og_image":[{"width":900,"height":500,"url":"https:\/\/darkamazi.site\/file\/2026\/09\/yektan-turkyilmaz.jpg","type":"image\/jpeg"}],"author":"darka mazi","twitter_card":"summary_large_image","twitter_creator":"@DarkaMaziTurkce","twitter_site":"@DarkaMaziTurkce","twitter_misc":{"Written by":"darka mazi","Est. reading time":"2 minutes"},"schema":{"@context":"https:\/\/schema.org","@graph":[{"@type":"NewsArticle","@id":"https:\/\/darkamazi.site\/archives\/1039224#article","isPartOf":{"@id":"https:\/\/darkamazi.site\/archives\/1039224"},"author":{"name":"darka mazi","@id":"https:\/\/darkamazi.site\/#\/schema\/person\/67986a95ac546c16760365877ef4a9d3"},"headline":"PKK\u2019li Erdal Avc\u0131, Akademisyen Yektan T\u00fcrky\u0131lmaz\u2019\u0131 \u00f6l\u00fcmle tehdit etti\u2026","datePublished":"2026-09-01T12:56:22+00:00","mainEntityOfPage":{"@id":"https:\/\/darkamazi.site\/archives\/1039224"},"wordCount":486,"publisher":{"@id":"https:\/\/darkamazi.site\/#organization"},"image":{"@id":"https:\/\/darkamazi.site\/archives\/1039224#primaryimage"},"thumbnailUrl":"https:\/\/darkamazi.site\/file\/2026\/09\/yektan-turkyilmaz.jpg","keywords":["\u00f6nemli"],"articleSection":["Kurdistan"],"inLanguage":"en-US"},{"@type":"WebPage","@id":"https:\/\/darkamazi.site\/archives\/1039224","url":"https:\/\/darkamazi.site\/archives\/1039224","name":"PKK\u2019li Erdal Avc\u0131, Akademisyen Yektan T\u00fcrky\u0131lmaz\u2019\u0131 \u00f6l\u00fcmle tehdit etti\u2026 - Darka Mazi","isPartOf":{"@id":"https:\/\/darkamazi.site\/#website"},"primaryImageOfPage":{"@id":"https:\/\/darkamazi.site\/archives\/1039224#primaryimage"},"image":{"@id":"https:\/\/darkamazi.site\/archives\/1039224#primaryimage"},"thumbnailUrl":"https:\/\/darkamazi.site\/file\/2026\/09\/yektan-turkyilmaz.jpg","datePublished":"2026-09-01T12:56:22+00:00","breadcrumb":{"@id":"https:\/\/darkamazi.site\/archives\/1039224#breadcrumb"},"inLanguage":"en-US","potentialAction":[{"@type":"ReadAction","target":["https:\/\/darkamazi.site\/archives\/1039224"]}]},{"@type":"ImageObject","inLanguage":"en-US","@id":"https:\/\/darkamazi.site\/archives\/1039224#primaryimage","url":"https:\/\/darkamazi.site\/file\/2026\/09\/yektan-turkyilmaz.jpg","contentUrl":"https:\/\/darkamazi.site\/file\/2026\/09\/yektan-turkyilmaz.jpg","width":900,"height":500,"caption":"PKK\u2019li Erdal Avc\u0131, Akademisyen Yektan T\u00fcrky\u0131lmaz\u2019\u0131 \u00f6l\u00fcmle tehdit etti\u2026"},{"@type":"BreadcrumbList","@id":"https:\/\/darkamazi.site\/archives\/1039224#breadcrumb","itemListElement":[{"@type":"ListItem","position":1,"name":"Home","item":"https:\/\/darkamazi.site\/"},{"@type":"ListItem","position":2,"name":"PKK\u2019li Erdal Avc\u0131, Akademisyen Yektan T\u00fcrky\u0131lmaz\u2019\u0131 \u00f6l\u00fcmle tehdit etti\u2026"}]},{"@type":"WebSite","@id":"https:\/\/darkamazi.site\/#website","url":"https:\/\/darkamazi.site\/","name":"Darka Mazi","description":"Ana Sayfa","publisher":{"@id":"https:\/\/darkamazi.site\/#organization"},"potentialAction":[{"@type":"SearchAction","target":{"@type":"EntryPoint","urlTemplate":"https:\/\/darkamazi.site\/?s={search_term_string}"},"query-input":{"@type":"PropertyValueSpecification","valueRequired":true,"valueName":"search_term_string"}}],"inLanguage":"en-US"},{"@type":"Organization","@id":"https:\/\/darkamazi.site\/#organization","name":"Darka Mazi T\u00fcrk\u00e7e","alternateName":"Darka Mazi","url":"https:\/\/darkamazi.site\/","logo":{"@type":"ImageObject","inLanguage":"en-US","@id":"https:\/\/darkamazi.site\/#\/schema\/logo\/image\/","url":"https:\/\/darkamazi.site\/file\/2017\/12\/darka-mazi-logo.png","contentUrl":"https:\/\/darkamazi.site\/file\/2017\/12\/darka-mazi-logo.png","width":151,"height":75,"caption":"Darka Mazi T\u00fcrk\u00e7e"},"image":{"@id":"https:\/\/darkamazi.site\/#\/schema\/logo\/image\/"},"sameAs":["https:\/\/www.facebook.com\/DarkaMaziturkce","https:\/\/x.com\/DarkaMaziTurkce"]},{"@type":"Person","@id":"https:\/\/darkamazi.site\/#\/schema\/person\/67986a95ac546c16760365877ef4a9d3","name":"darka mazi","sameAs":["https:\/\/darkamazi.site"],"url":"https:\/\/darkamazi.site\/archives\/author\/turkish"}]}},"_links":{"self":[{"href":"https:\/\/darkamazi.site\/funavuv\/wp\/v2\/posts\/1039224","targetHints":{"allow":["GET"]}}],"collection":[{"href":"https:\/\/darkamazi.site\/funavuv\/wp\/v2\/posts"}],"about":[{"href":"https:\/\/darkamazi.site\/funavuv\/wp\/v2\/types\/post"}],"author":[{"embeddable":true,"href":"https:\/\/darkamazi.site\/funavuv\/wp\/v2\/users\/2"}],"replies":[{"embeddable":true,"href":"https:\/\/darkamazi.site\/funavuv\/wp\/v2\/comments?post=1039224"}],"version-history":[{"count":1,"href":"https:\/\/darkamazi.site\/funavuv\/wp\/v2\/posts\/1039224\/revisions"}],"predecessor-version":[{"id":1039226,"href":"https:\/\/darkamazi.site\/funavuv\/wp\/v2\/posts\/1039224\/revisions\/1039226"}],"wp:featuredmedia":[{"embeddable":true,"href":"https:\/\/darkamazi.site\/funavuv\/wp\/v2\/media\/1039225"}],"wp:attachment":[{"href":"https:\/\/darkamazi.site\/funavuv\/wp\/v2\/media?parent=1039224"}],"wp:term":[{"taxonomy":"category","embeddable":true,"href":"https:\/\/darkamazi.site\/funavuv\/wp\/v2\/categories?post=1039224"},{"taxonomy":"post_tag","embeddable":true,"href":"https:\/\/darkamazi.site\/funavuv\/wp\/v2\/tags?post=1039224"}],"curies":[{"name":"wp","href":"https:\/\/api.w.org\/{rel}","templated":true}]}}