{"id":1039235,"date":"2026-09-02T16:58:43","date_gmt":"2026-09-02T13:58:43","guid":{"rendered":"https:\/\/darkamazi.site\/?p=1039235"},"modified":"2026-09-02T16:58:43","modified_gmt":"2026-09-02T13:58:43","slug":"mustafa-karasu-turkiyeye-gitmek-istiyoruz","status":"publish","type":"post","link":"https:\/\/darkamazi.site\/archives\/1039235","title":{"rendered":"Mustafa Karasu: T\u00fcrkiye\u2019ye gitmek istiyoruz\u2026"},"content":{"rendered":"<p style=\"text-align: justify;\">PKK y\u00f6neticilerinden Mustafa Karasu PKK\u2019nin Avrupa\u2019da yay\u0131n yapan Medya Haber adl\u0131 televizyonuna konu\u015ftu. Mustafa Karasu konu\u015fmas\u0131nda \u201c T\u00fcrkiye\u2019ye gidip demokratik siyaset yapmak istiyoruz. T\u00fcrkiye\u2019deki demokrasi m\u00fccadelesinin par\u00e7as\u0131 olmak istiyoruz.\u201d \u0130fadelerini kulland\u0131.<\/p>\n<p style=\"text-align: justify;\">PKK y\u00f6neticilerinden Mustafa Karasu bug\u00fcn yay\u0131nlanan r\u00f6portaj\u0131nda devlet ve PKK aras\u0131ndaki \u00e7\u00f6z\u00fcm s\u00fcreci, Abdullah \u00d6calan ile g\u00f6r\u00fc\u015fmeler ve g\u00f6r\u00fc\u015fme notlar\u0131 ve daha pek \u00e7ok konuda \u00e7eli\u015fkili ifadeler kulland\u0131. Karasu ayr\u0131ca 10 A\u011fustos 2026 y\u0131l\u0131nda TBMM\u2019de kabul edilen Milli Dayan\u0131\u015fma ve Toplumsal B\u00fct\u00fcnle\u015fmenin G\u00fc\u00e7lendirilmesine Dair yasaya ili\u015fkinde \u00e7eli\u015fkili ifadeler kulland\u0131, bir yandan \u00f6nderli\u011fimizin onay\u0131 yok derken \u00f6te yandan yasan\u0131n uygulanmas\u0131nda \u00d6calan\u2019\u0131n da komisyonlarda yer alaca\u011f\u0131n\u0131 s\u00f6yledi.<\/p>\n<p style=\"text-align: justify;\">Mustafa Karasu\u2019nun r\u00f6portaj\u0131nda \u00f6ne \u00e7\u0131kan birka\u00e7 ba\u015fl\u0131k \u015f\u00f6yle:<\/p>\n<p style=\"text-align: justify;\"><strong>T\u00fcrkiye\u2019ye gitmek istiyoruz<\/strong><\/p>\n<p style=\"text-align: justify;\">Karasu, yakla\u015f\u0131k 800 y\u00f6netici ve kadronun kapsam d\u0131\u015f\u0131nda b\u0131rak\u0131lmas\u0131n\u0131n s\u00fcrecin \u00e7\u00f6z\u00fclmesi gereken temel ba\u015fl\u0131klar\u0131ndan biri oldu\u011funu belirtti. \u201cKim gelecek, kim d\u0131\u015far\u0131da kalacak\u201d \u015feklindeki kategorik yakla\u015f\u0131mlar\u0131n s\u00fcreci zorla\u015ft\u0131rabilece\u011fini s\u00f6yleyen Karasu, kapsam d\u0131\u015f\u0131nda kalan ki\u015filerin gelece\u011finin a\u00e7\u0131k bi\u00e7imde ele al\u0131nmas\u0131 gerekti\u011fini vurgulad\u0131.<\/p>\n<p style=\"text-align: justify;\">\u201cT\u00fcrkiye\u2019ye d\u00f6n\u00fcp demokratik siyaset yapmak istiyoruz\u201d<\/p>\n<p style=\"text-align: justify;\">Karasu, PKK kadrolar\u0131n\u0131n K\u00fcrdistan B\u00f6lgesi\u2019nde, \u00f6zellikle Erbil ve S\u00fcleymaniye\u2019de kamplarda tutulmas\u0131 y\u00f6n\u00fcndeki olas\u0131 form\u00fcllere de kar\u015f\u0131 \u00e7\u0131kt\u0131.<\/p>\n<p style=\"text-align: justify;\">B\u00f6yle bir yakla\u015f\u0131m\u0131 kabul etmeyeceklerini belirten Karasu, ama\u00e7lar\u0131n\u0131n kadrolar\u0131n kamplarda tutulmas\u0131 olmad\u0131\u011f\u0131n\u0131, T\u00fcrkiye\u2019ye d\u00f6nerek demokratik siyaset y\u00fcr\u00fctmek istediklerini s\u00f6yledi.<\/p>\n<p style=\"text-align: justify;\"><strong>Yasada g\u00f6r\u00fc\u015flerimiz dikkate al\u0131nmad\u0131<\/strong><\/p>\n<p style=\"text-align: justify;\">Mustafa Karasu \u00e7\u0131kan yasaya ili\u015fkin \u201cBu yasada \u00d6nderli\u011fin g\u00f6r\u00fc\u015fleri de bizim g\u00f6r\u00fc\u015flerimiz de \u00e7ok fazla dikkate al\u0131nmad\u0131.\u201d Dedi ve kendilerinin ne yasay\u0131 kabul etti\u011fini ne de reddetti\u011fini s\u00f6yledi. Karasu\u2019nun bu \u00e7eli\u015fkili a\u00e7\u0131klamas\u0131 ise kafa kar\u0131\u015ft\u0131rd\u0131.<\/p>\n<p style=\"text-align: justify;\">S\u00fcre\u00e7 i\u015fliyor ve komisyon silah b\u0131rakma i\u00e7in K\u00fcrdistan B\u00f6lgesi\u2019nde \u00e7al\u0131\u015fma y\u00fcr\u00fct\u00fcyor. Durum b\u00f6yleyken b\u00f6ylesi \u00f6nemli bir hususta PKK\u2019nin yasa i\u00e7in ne kabul ettik ne de reddettik demesi ise tutars\u0131z ve sorumlulu\u011fu almayan bir yakla\u015f\u0131m olarak g\u00f6r\u00fcld\u00fc.<\/p>\n<p style=\"text-align: justify;\"><strong>Mahmur Kamp\u0131 ne olacak?<\/strong><\/p>\n<p style=\"text-align: justify;\">Mustafa Karasu\u2019nun \u00e7eli\u015fkili ifadelerinden biri de Mahmur Kamp\u0131na d\u00f6n\u00fck yapt\u0131\u011f\u0131 a\u00e7\u0131klamalard\u0131. Karasu Mahmur Kamp\u0131\u2019n\u0131n gerilladan sonra gidebilece\u011fine dair i\u015faret verdi.<\/p>\n<p style=\"text-align: justify;\">Karasu konu\u015fmas\u0131nda: \u201cMaxm\u00fbrlular\u0131n gidi\u015fi olabilir ama yani hemen olmaz yani. Belirli bir ilerleme olursa d\u00fc\u015f\u00fcn\u00fclebilir, tart\u0131\u015f\u0131labilir.\u201d dedi.<\/p>\n<p style=\"text-align: justify;\">Normalde \u00f6nce sivillerin gitmesi gerekirken PKK\u2019nen Mahmur Kamp\u0131\u2019n\u0131 sona b\u0131rakmas\u0131n\u0131n nedeni Mahmur\u2019da in\u015fa edilen b\u00fcy\u00fck yer alt\u0131 t\u00fcnelleri oldu\u011fu ve PKK\u2019nin son ana de\u011fin bu t\u00fcnelleri b\u0131rakmak istemedi\u011fi d\u00fc\u015f\u00fcn\u00fcl\u00fcyor.<\/p>\n<p style=\"text-align: justify;\"><strong>Karasu devlet ile g\u00f6r\u00fc\u015fmeler hakk\u0131nda ne dedi? <\/strong><br \/>\nMustafa Karasu devlet ve \u00d6calan ile g\u00f6r\u00fc\u015fmelerine dair de kamuoyunu yan\u0131lt\u0131c\u0131 ve ger\u00e7ekleri gizleyen bir tutum izlese de asl\u0131nda g\u00f6r\u00fc\u015fmeler oldu\u011fu da dolayl\u0131 olarak kabul etti.<\/p>\n<p style=\"text-align: justify;\">Karasu konu\u015fmas\u0131nda devlet ile g\u00f6r\u00fc\u015fmeler konusunda da \u00e7eli\u015fkili ifadeler kulland\u0131. Bir yandan devlet yetkilileri ile g\u00f6r\u00fc\u015ft\u00fcklerini kabul etti, \u00f6te yandan da daha fazla ili\u015fki istendi.<br \/>\nPKK kaynaklar\u0131 Duran Kalkan\u2019\u0131n 2 \u015eubat ve Temmuz ay\u0131 ba\u015f\u0131nda iki kez \u0130mral\u0131\u2019ya gitti\u011fini, Cemil Bay\u0131k\u2019\u0131n ise A\u011fustos ay\u0131 ba\u015f\u0131nda \u0130mral\u0131\u2019ya gitti\u011fini belirtiyor. Mustafa Karasu\u2019nun bu g\u00f6r\u00fc\u015fmeleri gizlemeye \u00e7al\u0131\u015ft\u0131\u011f\u0131 ama ileride bu bilgilerin teyit edilmesi durumunda manevra yapmak i\u00e7in a\u00e7\u0131k kap\u0131 b\u0131rakt\u0131\u011f\u0131 g\u00f6r\u00fcl\u00fcyor.<\/p>\n<p style=\"text-align: justify;\">Karasu ayr\u0131ca Abdullah \u00d6calan ve \u0130mral\u0131 heyeti aras\u0131ndaki g\u00f6r\u00fc\u015fme notlar\u0131n\u0131 yayanlar\u0131 s\u00fcreci proveke etmekle su\u00e7lad\u0131. Karasu g\u00f6r\u00fc\u015fme olmad\u0131, \u201cDuran Kalkan \u0130mral\u0131\u2019ya gitmedi\u201d gibi net bir ifade kullanmad\u0131 fakat g\u00f6r\u00fc\u015fme notlar\u0131n\u0131 yay\u0131nlayanlar\u0131 ele\u015ftirdi.<\/p>\n<p style=\"text-align: justify;\">Medyada yay\u0131lan g\u00f6r\u00fc\u015fme notlar\u0131n\u0131 s\u0131zd\u0131ran g\u00fcc\u00fcn PKK oldu\u011fu konusunda kamuoyunda yayg\u0131n bir g\u00f6r\u00fc\u015f var. PKK bu bi\u00e7imde bir yandan devlete bask\u0131 yapmak \u00f6te yandan da \u201cbak\u0131n bu kadar ad\u0131m bo\u015funa at\u0131lm\u0131yor\u201d diyerek kitlesini konsolide etmek i\u00e7in bu g\u00f6r\u00fc\u015fme notlar\u0131n\u0131 yayd\u0131\u011f\u0131 d\u00fc\u015f\u00fcn\u00fcl\u00fcyor.<\/p>\n","protected":false},"excerpt":{"rendered":"<p>PKK y\u00f6neticilerinden Mustafa Karasu PKK\u2019nin Avrupa\u2019da yay\u0131n yapan Medya Haber adl\u0131 televizyonuna konu\u015ftu. Mustafa Karasu konu\u015fmas\u0131nda \u201c T\u00fcrkiye\u2019ye gidip demokratik siyaset yapmak istiyoruz. T\u00fcrkiye\u2019deki demokrasi m\u00fccadelesinin par\u00e7as\u0131 olmak istiyoruz.\u201d \u0130fadelerini kulland\u0131. PKK y\u00f6neticilerinden Mustafa Karasu bug\u00fcn yay\u0131nlanan r\u00f6portaj\u0131nda devlet ve PKK aras\u0131ndaki \u00e7\u00f6z\u00fcm s\u00fcreci, Abdullah \u00d6calan ile g\u00f6r\u00fc\u015fmeler ve g\u00f6r\u00fc\u015fme notlar\u0131 ve daha pek \u00e7ok [&hellip;]<\/p>\n","protected":false},"author":2,"featured_media":1039236,"comment_status":"closed","ping_status":"closed","sticky":false,"template":"","format":"standard","meta":{"footnotes":""},"categories":[3],"tags":[31],"class_list":["post-1039235","post","type-post","status-publish","format-standard","has-post-thumbnail","hentry","category-kurdistan","tag-onemli"],"blocksy_meta":{"styles_descriptor":{"styles":{"desktop":"","tablet":"","mobile":""},"google_fonts":[],"version":7}},"seo_head":"<!-- This site is optimized with the Yoast SEO plugin v28.4 - https:\/\/yoast.com\/product\/yoast-seo-wordpress\/ -->\n<title>Mustafa Karasu: T\u00fcrkiye\u2019ye gitmek istiyoruz\u2026 - Darka Mazi<\/title>\n<meta name=\"robots\" content=\"index, follow, max-snippet:-1, max-image-preview:large, max-video-preview:-1\" \/>\n<link rel=\"canonical\" href=\"https:\/\/darkamazi.site\/archives\/1039235\" \/>\n<meta property=\"og:locale\" content=\"en_US\" \/>\n<meta property=\"og:type\" content=\"article\" \/>\n<meta property=\"og:title\" content=\"Mustafa Karasu: T\u00fcrkiye\u2019ye gitmek istiyoruz\u2026 - Darka Mazi\" \/>\n<meta property=\"og:description\" content=\"PKK y\u00f6neticilerinden Mustafa Karasu PKK\u2019nin Avrupa\u2019da yay\u0131n yapan Medya Haber adl\u0131 televizyonuna konu\u015ftu. Mustafa Karasu konu\u015fmas\u0131nda \u201c T\u00fcrkiye\u2019ye gidip demokratik siyaset yapmak istiyoruz. T\u00fcrkiye\u2019deki demokrasi m\u00fccadelesinin par\u00e7as\u0131 olmak istiyoruz.\u201d \u0130fadelerini kulland\u0131. PKK y\u00f6neticilerinden Mustafa Karasu bug\u00fcn yay\u0131nlanan r\u00f6portaj\u0131nda devlet ve PKK aras\u0131ndaki \u00e7\u00f6z\u00fcm s\u00fcreci, Abdullah \u00d6calan ile g\u00f6r\u00fc\u015fmeler ve g\u00f6r\u00fc\u015fme notlar\u0131 ve daha pek \u00e7ok [&hellip;]\" \/>\n<meta property=\"og:url\" content=\"https:\/\/darkamazi.site\/archives\/1039235\" \/>\n<meta property=\"og:site_name\" content=\"Darka Mazi\" \/>\n<meta property=\"article:publisher\" content=\"https:\/\/www.facebook.com\/DarkaMaziturkce\" \/>\n<meta property=\"article:published_time\" content=\"2026-09-02T13:58:43+00:00\" \/>\n<meta property=\"og:image\" content=\"https:\/\/darkamazi.site\/file\/2026\/09\/Kerasu-medya-haber-info.jpg\" \/>\n\t<meta property=\"og:image:width\" content=\"900\" \/>\n\t<meta property=\"og:image:height\" content=\"497\" \/>\n\t<meta property=\"og:image:type\" content=\"image\/jpeg\" \/>\n<meta name=\"author\" content=\"darka mazi\" \/>\n<meta name=\"twitter:card\" content=\"summary_large_image\" \/>\n<meta name=\"twitter:creator\" content=\"@DarkaMaziTurkce\" \/>\n<meta name=\"twitter:site\" content=\"@DarkaMaziTurkce\" \/>\n<meta name=\"twitter:label1\" content=\"Written by\" \/>\n\t<meta name=\"twitter:data1\" content=\"darka mazi\" \/>\n\t<meta name=\"twitter:label2\" content=\"Est. reading time\" \/>\n\t<meta name=\"twitter:data2\" content=\"3 minutes\" \/>\n<script type=\"application\/ld+json\" class=\"seo-schema-graph\">{\"@context\":\"https:\\\/\\\/schema.org\",\"@graph\":[{\"@type\":\"NewsArticle\",\"@id\":\"https:\\\/\\\/darkamazi.site\\\/archives\\\/1039235#article\",\"isPartOf\":{\"@id\":\"https:\\\/\\\/darkamazi.site\\\/archives\\\/1039235\"},\"author\":{\"name\":\"darka mazi\",\"@id\":\"https:\\\/\\\/darkamazi.site\\\/#\\\/schema\\\/person\\\/67986a95ac546c16760365877ef4a9d3\"},\"headline\":\"Mustafa Karasu: T\u00fcrkiye\u2019ye gitmek istiyoruz\u2026\",\"datePublished\":\"2026-09-02T13:58:43+00:00\",\"mainEntityOfPage\":{\"@id\":\"https:\\\/\\\/darkamazi.site\\\/archives\\\/1039235\"},\"wordCount\":772,\"publisher\":{\"@id\":\"https:\\\/\\\/darkamazi.site\\\/#organization\"},\"image\":{\"@id\":\"https:\\\/\\\/darkamazi.site\\\/archives\\\/1039235#primaryimage\"},\"thumbnailUrl\":\"https:\\\/\\\/darkamazi.site\\\/darka-content\\\/uploads\\\/2026\\\/09\\\/Kerasu-medya-haber-info.jpg\",\"keywords\":[\"\u00f6nemli\"],\"articleSection\":[\"Kurdistan\"],\"inLanguage\":\"en-US\"},{\"@type\":\"WebPage\",\"@id\":\"https:\\\/\\\/darkamazi.site\\\/archives\\\/1039235\",\"url\":\"https:\\\/\\\/darkamazi.site\\\/archives\\\/1039235\",\"name\":\"Mustafa Karasu: T\u00fcrkiye\u2019ye gitmek istiyoruz\u2026 - Darka Mazi\",\"isPartOf\":{\"@id\":\"https:\\\/\\\/darkamazi.site\\\/#website\"},\"primaryImageOfPage\":{\"@id\":\"https:\\\/\\\/darkamazi.site\\\/archives\\\/1039235#primaryimage\"},\"image\":{\"@id\":\"https:\\\/\\\/darkamazi.site\\\/archives\\\/1039235#primaryimage\"},\"thumbnailUrl\":\"https:\\\/\\\/darkamazi.site\\\/darka-content\\\/uploads\\\/2026\\\/09\\\/Kerasu-medya-haber-info.jpg\",\"datePublished\":\"2026-09-02T13:58:43+00:00\",\"breadcrumb\":{\"@id\":\"https:\\\/\\\/darkamazi.site\\\/archives\\\/1039235#breadcrumb\"},\"inLanguage\":\"en-US\",\"potentialAction\":[{\"@type\":\"ReadAction\",\"target\":[\"https:\\\/\\\/darkamazi.site\\\/archives\\\/1039235\"]}]},{\"@type\":\"ImageObject\",\"inLanguage\":\"en-US\",\"@id\":\"https:\\\/\\\/darkamazi.site\\\/archives\\\/1039235#primaryimage\",\"url\":\"https:\\\/\\\/darkamazi.site\\\/darka-content\\\/uploads\\\/2026\\\/09\\\/Kerasu-medya-haber-info.jpg\",\"contentUrl\":\"https:\\\/\\\/darkamazi.site\\\/darka-content\\\/uploads\\\/2026\\\/09\\\/Kerasu-medya-haber-info.jpg\",\"width\":900,\"height\":497,\"caption\":\"Mustafa Karasu: T\u00fcrkiye\u2019ye gitmek istiyoruz\u2026\"},{\"@type\":\"BreadcrumbList\",\"@id\":\"https:\\\/\\\/darkamazi.site\\\/archives\\\/1039235#breadcrumb\",\"itemListElement\":[{\"@type\":\"ListItem\",\"position\":1,\"name\":\"Home\",\"item\":\"https:\\\/\\\/darkamazi.site\\\/\"},{\"@type\":\"ListItem\",\"position\":2,\"name\":\"Mustafa Karasu: T\u00fcrkiye\u2019ye gitmek istiyoruz\u2026\"}]},{\"@type\":\"WebSite\",\"@id\":\"https:\\\/\\\/darkamazi.site\\\/#website\",\"url\":\"https:\\\/\\\/darkamazi.site\\\/\",\"name\":\"Darka Mazi\",\"description\":\"Ana Sayfa\",\"publisher\":{\"@id\":\"https:\\\/\\\/darkamazi.site\\\/#organization\"},\"potentialAction\":[{\"@type\":\"SearchAction\",\"target\":{\"@type\":\"EntryPoint\",\"urlTemplate\":\"https:\\\/\\\/darkamazi.site\\\/?s={search_term_string}\"},\"query-input\":{\"@type\":\"PropertyValueSpecification\",\"valueRequired\":true,\"valueName\":\"search_term_string\"}}],\"inLanguage\":\"en-US\"},{\"@type\":\"Organization\",\"@id\":\"https:\\\/\\\/darkamazi.site\\\/#organization\",\"name\":\"Darka Mazi T\u00fcrk\u00e7e\",\"alternateName\":\"Darka Mazi\",\"url\":\"https:\\\/\\\/darkamazi.site\\\/\",\"logo\":{\"@type\":\"ImageObject\",\"inLanguage\":\"en-US\",\"@id\":\"https:\\\/\\\/darkamazi.site\\\/#\\\/schema\\\/logo\\\/image\\\/\",\"url\":\"https:\\\/\\\/darkamazi.site\\\/darka-content\\\/uploads\\\/2017\\\/12\\\/darka-mazi-logo.png\",\"contentUrl\":\"https:\\\/\\\/darkamazi.site\\\/darka-content\\\/uploads\\\/2017\\\/12\\\/darka-mazi-logo.png\",\"width\":151,\"height\":75,\"caption\":\"Darka Mazi T\u00fcrk\u00e7e\"},\"image\":{\"@id\":\"https:\\\/\\\/darkamazi.site\\\/#\\\/schema\\\/logo\\\/image\\\/\"},\"sameAs\":[\"https:\\\/\\\/www.facebook.com\\\/DarkaMaziturkce\",\"https:\\\/\\\/x.com\\\/DarkaMaziTurkce\"]},{\"@type\":\"Person\",\"@id\":\"https:\\\/\\\/darkamazi.site\\\/#\\\/schema\\\/person\\\/67986a95ac546c16760365877ef4a9d3\",\"name\":\"darka mazi\",\"sameAs\":[\"https:\\\/\\\/darkamazi.site\"],\"url\":\"https:\\\/\\\/darkamazi.site\\\/archives\\\/author\\\/turkish\"}]}<\/script>\n<!-- \/ Yoast SEO plugin. -->","seo_head_json":{"title":"Mustafa Karasu: T\u00fcrkiye\u2019ye gitmek istiyoruz\u2026 - Darka Mazi","robots":{"index":"index","follow":"follow","max-snippet":"max-snippet:-1","max-image-preview":"max-image-preview:large","max-video-preview":"max-video-preview:-1"},"canonical":"https:\/\/darkamazi.site\/archives\/1039235","og_locale":"en_US","og_type":"article","og_title":"Mustafa Karasu: T\u00fcrkiye\u2019ye gitmek istiyoruz\u2026 - Darka Mazi","og_description":"PKK y\u00f6neticilerinden Mustafa Karasu PKK\u2019nin Avrupa\u2019da yay\u0131n yapan Medya Haber adl\u0131 televizyonuna konu\u015ftu. Mustafa Karasu konu\u015fmas\u0131nda \u201c T\u00fcrkiye\u2019ye gidip demokratik siyaset yapmak istiyoruz. T\u00fcrkiye\u2019deki demokrasi m\u00fccadelesinin par\u00e7as\u0131 olmak istiyoruz.\u201d \u0130fadelerini kulland\u0131. PKK y\u00f6neticilerinden Mustafa Karasu bug\u00fcn yay\u0131nlanan r\u00f6portaj\u0131nda devlet ve PKK aras\u0131ndaki \u00e7\u00f6z\u00fcm s\u00fcreci, Abdullah \u00d6calan ile g\u00f6r\u00fc\u015fmeler ve g\u00f6r\u00fc\u015fme notlar\u0131 ve daha pek \u00e7ok [&hellip;]","og_url":"https:\/\/darkamazi.site\/archives\/1039235","og_site_name":"Darka Mazi","article_publisher":"https:\/\/www.facebook.com\/DarkaMaziturkce","article_published_time":"2026-09-02T13:58:43+00:00","og_image":[{"width":900,"height":497,"url":"https:\/\/darkamazi.site\/file\/2026\/09\/Kerasu-medya-haber-info.jpg","type":"image\/jpeg"}],"author":"darka mazi","twitter_card":"summary_large_image","twitter_creator":"@DarkaMaziTurkce","twitter_site":"@DarkaMaziTurkce","twitter_misc":{"Written by":"darka mazi","Est. reading time":"3 minutes"},"schema":{"@context":"https:\/\/schema.org","@graph":[{"@type":"NewsArticle","@id":"https:\/\/darkamazi.site\/archives\/1039235#article","isPartOf":{"@id":"https:\/\/darkamazi.site\/archives\/1039235"},"author":{"name":"darka mazi","@id":"https:\/\/darkamazi.site\/#\/schema\/person\/67986a95ac546c16760365877ef4a9d3"},"headline":"Mustafa Karasu: T\u00fcrkiye\u2019ye gitmek istiyoruz\u2026","datePublished":"2026-09-02T13:58:43+00:00","mainEntityOfPage":{"@id":"https:\/\/darkamazi.site\/archives\/1039235"},"wordCount":772,"publisher":{"@id":"https:\/\/darkamazi.site\/#organization"},"image":{"@id":"https:\/\/darkamazi.site\/archives\/1039235#primaryimage"},"thumbnailUrl":"https:\/\/darkamazi.site\/file\/2026\/09\/Kerasu-medya-haber-info.jpg","keywords":["\u00f6nemli"],"articleSection":["Kurdistan"],"inLanguage":"en-US"},{"@type":"WebPage","@id":"https:\/\/darkamazi.site\/archives\/1039235","url":"https:\/\/darkamazi.site\/archives\/1039235","name":"Mustafa Karasu: T\u00fcrkiye\u2019ye gitmek istiyoruz\u2026 - Darka Mazi","isPartOf":{"@id":"https:\/\/darkamazi.site\/#website"},"primaryImageOfPage":{"@id":"https:\/\/darkamazi.site\/archives\/1039235#primaryimage"},"image":{"@id":"https:\/\/darkamazi.site\/archives\/1039235#primaryimage"},"thumbnailUrl":"https:\/\/darkamazi.site\/file\/2026\/09\/Kerasu-medya-haber-info.jpg","datePublished":"2026-09-02T13:58:43+00:00","breadcrumb":{"@id":"https:\/\/darkamazi.site\/archives\/1039235#breadcrumb"},"inLanguage":"en-US","potentialAction":[{"@type":"ReadAction","target":["https:\/\/darkamazi.site\/archives\/1039235"]}]},{"@type":"ImageObject","inLanguage":"en-US","@id":"https:\/\/darkamazi.site\/archives\/1039235#primaryimage","url":"https:\/\/darkamazi.site\/file\/2026\/09\/Kerasu-medya-haber-info.jpg","contentUrl":"https:\/\/darkamazi.site\/file\/2026\/09\/Kerasu-medya-haber-info.jpg","width":900,"height":497,"caption":"Mustafa Karasu: T\u00fcrkiye\u2019ye gitmek istiyoruz\u2026"},{"@type":"BreadcrumbList","@id":"https:\/\/darkamazi.site\/archives\/1039235#breadcrumb","itemListElement":[{"@type":"ListItem","position":1,"name":"Home","item":"https:\/\/darkamazi.site\/"},{"@type":"ListItem","position":2,"name":"Mustafa Karasu: T\u00fcrkiye\u2019ye gitmek istiyoruz\u2026"}]},{"@type":"WebSite","@id":"https:\/\/darkamazi.site\/#website","url":"https:\/\/darkamazi.site\/","name":"Darka Mazi","description":"Ana Sayfa","publisher":{"@id":"https:\/\/darkamazi.site\/#organization"},"potentialAction":[{"@type":"SearchAction","target":{"@type":"EntryPoint","urlTemplate":"https:\/\/darkamazi.site\/?s={search_term_string}"},"query-input":{"@type":"PropertyValueSpecification","valueRequired":true,"valueName":"search_term_string"}}],"inLanguage":"en-US"},{"@type":"Organization","@id":"https:\/\/darkamazi.site\/#organization","name":"Darka Mazi T\u00fcrk\u00e7e","alternateName":"Darka Mazi","url":"https:\/\/darkamazi.site\/","logo":{"@type":"ImageObject","inLanguage":"en-US","@id":"https:\/\/darkamazi.site\/#\/schema\/logo\/image\/","url":"https:\/\/darkamazi.site\/file\/2017\/12\/darka-mazi-logo.png","contentUrl":"https:\/\/darkamazi.site\/file\/2017\/12\/darka-mazi-logo.png","width":151,"height":75,"caption":"Darka Mazi T\u00fcrk\u00e7e"},"image":{"@id":"https:\/\/darkamazi.site\/#\/schema\/logo\/image\/"},"sameAs":["https:\/\/www.facebook.com\/DarkaMaziturkce","https:\/\/x.com\/DarkaMaziTurkce"]},{"@type":"Person","@id":"https:\/\/darkamazi.site\/#\/schema\/person\/67986a95ac546c16760365877ef4a9d3","name":"darka mazi","sameAs":["https:\/\/darkamazi.site"],"url":"https:\/\/darkamazi.site\/archives\/author\/turkish"}]}},"_links":{"self":[{"href":"https:\/\/darkamazi.site\/funavuv\/wp\/v2\/posts\/1039235","targetHints":{"allow":["GET"]}}],"collection":[{"href":"https:\/\/darkamazi.site\/funavuv\/wp\/v2\/posts"}],"about":[{"href":"https:\/\/darkamazi.site\/funavuv\/wp\/v2\/types\/post"}],"author":[{"embeddable":true,"href":"https:\/\/darkamazi.site\/funavuv\/wp\/v2\/users\/2"}],"replies":[{"embeddable":true,"href":"https:\/\/darkamazi.site\/funavuv\/wp\/v2\/comments?post=1039235"}],"version-history":[{"count":1,"href":"https:\/\/darkamazi.site\/funavuv\/wp\/v2\/posts\/1039235\/revisions"}],"predecessor-version":[{"id":1039237,"href":"https:\/\/darkamazi.site\/funavuv\/wp\/v2\/posts\/1039235\/revisions\/1039237"}],"wp:featuredmedia":[{"embeddable":true,"href":"https:\/\/darkamazi.site\/funavuv\/wp\/v2\/media\/1039236"}],"wp:attachment":[{"href":"https:\/\/darkamazi.site\/funavuv\/wp\/v2\/media?parent=1039235"}],"wp:term":[{"taxonomy":"category","embeddable":true,"href":"https:\/\/darkamazi.site\/funavuv\/wp\/v2\/categories?post=1039235"},{"taxonomy":"post_tag","embeddable":true,"href":"https:\/\/darkamazi.site\/funavuv\/wp\/v2\/tags?post=1039235"}],"curies":[{"name":"wp","href":"https:\/\/api.w.org\/{rel}","templated":true}]}}