{"id":1039239,"date":"2026-09-03T13:19:04","date_gmt":"2026-09-03T10:19:04","guid":{"rendered":"https:\/\/darkamazi.site\/?p=1039239"},"modified":"2026-09-03T13:24:09","modified_gmt":"2026-09-03T10:24:09","slug":"feti-yildizdan-cozum-sureci-aciklamasi-hep-birlikte-turk-milletiyiz","status":"publish","type":"post","link":"https:\/\/darkamazi.site\/archives\/1039239","title":{"rendered":"Feti Y\u0131ld\u0131zdan \u00e7\u00f6z\u00fcm s\u00fcreci a\u00e7\u0131klamas\u0131: Hep birlikte T\u00fcrk milletiyiz"},"content":{"rendered":"<p><span class=\"tts-word\" data-word-idx=\"3\">MHP<\/span>\u00a0<span class=\"tts-word\" data-word-idx=\"4\">Genel<\/span>\u00a0<span class=\"tts-word\" data-word-idx=\"5\">Ba\u015fkan<\/span>\u00a0<span class=\"tts-word\" data-word-idx=\"6\">Yard\u0131mc\u0131s\u0131<\/span>\u00a0<span class=\"tts-word\" data-word-idx=\"7\">Feti<\/span>\u00a0<span class=\"tts-word\" data-word-idx=\"8\">Y\u0131ld\u0131z,<\/span>\u00a0<span class=\"tts-word\" data-word-idx=\"9\">PKK\u2019nin<\/span>\u00a0<span class=\"tts-word\" data-word-idx=\"10\">tasiye<\/span>\u00a0<span class=\"tts-word\" data-word-idx=\"11\">edilmesi<\/span>\u00a0<span class=\"tts-word\" data-word-idx=\"12\">i\u00e7in<\/span>\u00a0<span class=\"tts-word\" data-word-idx=\"13\">ba\u015flat\u0131lan<\/span>\u00a0<span class=\"tts-word\" data-word-idx=\"14\">s\u00fcrecin<\/span>\u00a0<span class=\"tts-word\" data-word-idx=\"15\">bir<\/span>\u00a0<span class=\"tts-word\" data-word-idx=\"16\">&#8220;devlet<\/span>\u00a0<span class=\"tts-word\" data-word-idx=\"17\">politikas\u0131&#8221;<\/span>\u00a0<span class=\"tts-word\" data-word-idx=\"18\">oldu\u011fu<\/span>\u00a0<span class=\"tts-word\" data-word-idx=\"19\">vurgulan\u0131rken,<\/span>\u00a0<span class=\"tts-word\" data-word-idx=\"20\">bu<\/span>\u00a0<span class=\"tts-word\" data-word-idx=\"21\">s\u00fcre\u00e7te<\/span>\u00a0<span class=\"tts-word\" data-word-idx=\"22\">\u201ctoplumsal<\/span>\u00a0<span class=\"tts-word\" data-word-idx=\"23\">karga\u015fa<\/span>\u00a0<span class=\"tts-word\" data-word-idx=\"24\">yaratmak<\/span>\u00a0<span class=\"tts-word\" data-word-idx=\"25\">isteyen<\/span>\u00a0<span class=\"tts-word\" data-word-idx=\"26\">odaklara\u201d<\/span>\u00a0<span class=\"tts-word\" data-word-idx=\"27\">kar\u015f\u0131<\/span>\u00a0<span class=\"tts-word\" data-word-idx=\"28\">uyar\u0131da<\/span>\u00a0<span class=\"tts-word\" data-word-idx=\"29\">bulundu.<\/span><\/p>\n<p><span class=\"tts-word\" data-word-idx=\"30\">Feti<\/span>\u00a0<span class=\"tts-word\" data-word-idx=\"31\">Y\u0131ld\u0131z<\/span>\u00a0<span class=\"tts-word\" data-word-idx=\"32\">konuya<\/span>\u00a0<span class=\"tts-word\" data-word-idx=\"33\">dair<\/span>\u00a0<span class=\"tts-word\" data-word-idx=\"34\">X<\/span>\u00a0<span class=\"tts-word\" data-word-idx=\"35\">hesab\u0131ndan<\/span>\u00a0<span class=\"tts-word\" data-word-idx=\"36\">payla\u015f\u0131mda<\/span>\u00a0<span class=\"tts-word\" data-word-idx=\"37\">bulundu.<\/span><\/p>\n<p><span class=\"tts-word\" data-word-idx=\"38\">Y\u0131ld\u0131z<\/span>\u00a0<span class=\"tts-word\" data-word-idx=\"39\">payla\u015f\u0131m\u0131nda,<\/span>\u00a0<span class=\"tts-word\" data-word-idx=\"40\">T\u00fcrkiye\u2019nin<\/span>\u00a0<span class=\"tts-word\" data-word-idx=\"41\">\u015fiddet<\/span>\u00a0<span class=\"tts-word\" data-word-idx=\"42\">ortam\u0131ndan<\/span>\u00a0<span class=\"tts-word\" data-word-idx=\"43\">kurtulma<\/span>\u00a0<span class=\"tts-word\" data-word-idx=\"44\">f\u0131rsat\u0131n\u0131n<\/span>\u00a0<span class=\"tts-word\" data-word-idx=\"45\">&#8220;ihanet<\/span>\u00a0<span class=\"tts-word\" data-word-idx=\"46\">\u015febekelerini&#8221;<\/span>\u00a0<span class=\"tts-word\" data-word-idx=\"47\">rahats\u0131z<\/span>\u00a0<span class=\"tts-word\" data-word-idx=\"48\">etti\u011fini<\/span>\u00a0<span class=\"tts-word\" data-word-idx=\"49\">s\u00f6yledi<\/span>\u00a0<span class=\"tts-word\" data-word-idx=\"50\">ve<\/span>\u00a0<span class=\"tts-word\" data-word-idx=\"51\">&#8220;Muhataplar\u0131<\/span>\u00a0<span class=\"tts-word\" data-word-idx=\"52\">bilsin<\/span>\u00a0<span class=\"tts-word\" data-word-idx=\"53\">ki<\/span>\u00a0<span class=\"tts-word\" data-word-idx=\"54\">\u015fer<\/span>\u00a0<span class=\"tts-word\" data-word-idx=\"55\">cephesinde<\/span>\u00a0<span class=\"tts-word\" data-word-idx=\"56\">kurulmaya<\/span>\u00a0<span class=\"tts-word\" data-word-idx=\"57\">\u00e7al\u0131\u015f\u0131lan<\/span>\u00a0<span class=\"tts-word\" data-word-idx=\"58\">tuzaklar\u0131n<\/span>\u00a0<span class=\"tts-word\" data-word-idx=\"59\">fark\u0131nday\u0131z.<\/span>\u00a0<span class=\"tts-word\" data-word-idx=\"60\">Ter\u00f6rs\u00fcz<\/span>\u00a0<span class=\"tts-word\" data-word-idx=\"61\">T\u00fcrkiye\u2019den<\/span>\u00a0<span class=\"tts-word\" data-word-idx=\"62\">geriye<\/span>\u00a0<span class=\"tts-word\" data-word-idx=\"63\">d\u00f6n\u00fc\u015f<\/span>\u00a0<span class=\"tts-word\" data-word-idx=\"64\">olmayacakt\u0131r&#8221;<\/span>\u00a0<span class=\"tts-word\" data-word-idx=\"65\">ifadelerini<\/span>\u00a0<span class=\"tts-word\" data-word-idx=\"66\">kulland\u0131.<\/span><\/p>\n<p><span class=\"tts-word\" data-word-idx=\"67\">Feti<\/span>\u00a0<span class=\"tts-word\" data-word-idx=\"68\">Y\u0131ld\u0131z\u2019\u0131n<\/span>\u00a0<span class=\"tts-word\" data-word-idx=\"69\">payla\u015f\u0131m\u0131<\/span>\u00a0<span class=\"tts-word\" data-word-idx=\"70\">\u015f\u00f6yle:<\/span><\/p>\n<p><span class=\"tts-word\" data-word-idx=\"71\">\u201cLiderimiz<\/span>\u00a0<span class=\"tts-word\" data-word-idx=\"72\">Say\u0131n<\/span>\u00a0<span class=\"tts-word\" data-word-idx=\"73\">Devlet<\/span>\u00a0<span class=\"tts-word\" data-word-idx=\"74\">Bah\u00e7eli,<\/span><\/p>\n<p><span class=\"tts-word\" data-word-idx=\"75\">\u201cDezenformasyonla<\/span>\u00a0<span class=\"tts-word\" data-word-idx=\"76\">ve<\/span>\u00a0<span class=\"tts-word\" data-word-idx=\"77\">alg\u0131<\/span>\u00a0<span class=\"tts-word\" data-word-idx=\"78\">operasyonlar\u0131yla<\/span>\u00a0<span class=\"tts-word\" data-word-idx=\"79\">T\u00fcrk<\/span>\u00a0<span class=\"tts-word\" data-word-idx=\"80\">milletinin<\/span>\u00a0<span class=\"tts-word\" data-word-idx=\"81\">kutlu<\/span>\u00a0<span class=\"tts-word\" data-word-idx=\"82\">y\u00fcr\u00fcy\u00fc\u015f\u00fcn\u00fc<\/span>\u00a0<span class=\"tts-word\" data-word-idx=\"83\">durdurmaya,<\/span>\u00a0<span class=\"tts-word\" data-word-idx=\"84\">toplumsal<\/span>\u00a0<span class=\"tts-word\" data-word-idx=\"85\">m\u00fchendislik<\/span>\u00a0<span class=\"tts-word\" data-word-idx=\"86\">hesaplar\u0131yla<\/span>\u00a0<span class=\"tts-word\" data-word-idx=\"87\">T\u00fcrkiye&#8217;yi<\/span>\u00a0<span class=\"tts-word\" data-word-idx=\"88\">karga\u015fa<\/span>\u00a0<span class=\"tts-word\" data-word-idx=\"89\">ve<\/span>\u00a0<span class=\"tts-word\" data-word-idx=\"90\">kaos<\/span>\u00a0<span class=\"tts-word\" data-word-idx=\"91\">iklimine<\/span>\u00a0<span class=\"tts-word\" data-word-idx=\"92\">sokmaya,<\/span>\u00a0<span class=\"tts-word\" data-word-idx=\"93\">\u00fclkemizin<\/span>\u00a0<span class=\"tts-word\" data-word-idx=\"94\">rotas\u0131n\u0131<\/span>\u00a0<span class=\"tts-word\" data-word-idx=\"95\">de\u011fi\u015ftirmeye<\/span>\u00a0<span class=\"tts-word\" data-word-idx=\"96\">kimsenin<\/span>\u00a0<span class=\"tts-word\" data-word-idx=\"97\">g\u00fcc\u00fc<\/span>\u00a0<span class=\"tts-word\" data-word-idx=\"98\">yetmeyecektir.<\/span><\/p>\n<p><span class=\"tts-word\" data-word-idx=\"99\">Ter\u00f6rs\u00fcz<\/span>\u00a0<span class=\"tts-word\" data-word-idx=\"100\">T\u00fcrkiye\u2019den<\/span>\u00a0<span class=\"tts-word\" data-word-idx=\"101\">geriye<\/span>\u00a0<span class=\"tts-word\" data-word-idx=\"102\">d\u00f6n\u00fc\u015f<\/span>\u00a0<span class=\"tts-word\" data-word-idx=\"103\">olmayacakt\u0131r.<\/span><\/p>\n<p><span class=\"tts-word\" data-word-idx=\"104\">Muhataplar\u0131<\/span>\u00a0<span class=\"tts-word\" data-word-idx=\"105\">bilsin<\/span>\u00a0<span class=\"tts-word\" data-word-idx=\"106\">ki<\/span>\u00a0<span class=\"tts-word\" data-word-idx=\"107\">\u015fer<\/span>\u00a0<span class=\"tts-word\" data-word-idx=\"108\">cephesinde<\/span>\u00a0<span class=\"tts-word\" data-word-idx=\"109\">kurulmaya<\/span>\u00a0<span class=\"tts-word\" data-word-idx=\"110\">\u00e7al\u0131\u015f\u0131lan<\/span>\u00a0<span class=\"tts-word\" data-word-idx=\"111\">tuzaklar\u0131n<\/span>\u00a0<span class=\"tts-word\" data-word-idx=\"112\">fark\u0131nday\u0131z.<\/span><\/p>\n<p><span class=\"tts-word\" data-word-idx=\"113\">T\u00fcrkiye\u2019nin<\/span>\u00a0<span class=\"tts-word\" data-word-idx=\"114\">yakla\u015f\u0131k<\/span>\u00a0<span class=\"tts-word\" data-word-idx=\"115\">elli<\/span>\u00a0<span class=\"tts-word\" data-word-idx=\"116\">y\u0131ld\u0131r<\/span>\u00a0<span class=\"tts-word\" data-word-idx=\"117\">m\u00fccadele<\/span>\u00a0<span class=\"tts-word\" data-word-idx=\"118\">etti\u011fi,<\/span>\u00a0<span class=\"tts-word\" data-word-idx=\"119\">bir\u00e7ok<\/span>\u00a0<span class=\"tts-word\" data-word-idx=\"120\">insan\u0131m\u0131z\u0131n<\/span>\u00a0<span class=\"tts-word\" data-word-idx=\"121\">can\u0131na<\/span>\u00a0<span class=\"tts-word\" data-word-idx=\"122\">ve<\/span>\u00a0<span class=\"tts-word\" data-word-idx=\"123\">mal\u0131na<\/span>\u00a0<span class=\"tts-word\" data-word-idx=\"124\">sebep<\/span>\u00a0<span class=\"tts-word\" data-word-idx=\"125\">olan<\/span>\u00a0<span class=\"tts-word\" data-word-idx=\"126\">ter\u00f6rden<\/span>\u00a0<span class=\"tts-word\" data-word-idx=\"127\">ilelebet<\/span>\u00a0<span class=\"tts-word\" data-word-idx=\"128\">kurtulma<\/span>\u00a0<span class=\"tts-word\" data-word-idx=\"129\">f\u0131rsat\u0131<\/span>\u00a0<span class=\"tts-word\" data-word-idx=\"130\">ihanet<\/span>\u00a0<span class=\"tts-word\" data-word-idx=\"131\">\u015febekelerini<\/span>\u00a0<span class=\"tts-word\" data-word-idx=\"132\">rahats\u0131z<\/span>\u00a0<span class=\"tts-word\" data-word-idx=\"133\">etmektedir.<\/span><\/p>\n<p><span class=\"tts-word\" data-word-idx=\"134\">Karde\u015fli\u011fimizin<\/span>\u00a0<span class=\"tts-word\" data-word-idx=\"135\">g\u00fc\u00e7lendirilmesi,<\/span>\u00a0<span class=\"tts-word\" data-word-idx=\"136\">demokrasinin<\/span>\u00a0<span class=\"tts-word\" data-word-idx=\"137\">geli\u015fmesi<\/span>\u00a0<span class=\"tts-word\" data-word-idx=\"138\">ve<\/span>\u00a0<span class=\"tts-word\" data-word-idx=\"139\">\u00fclkemizin<\/span>\u00a0<span class=\"tts-word\" data-word-idx=\"140\">y\u00fckseli\u015finin<\/span>\u00a0<span class=\"tts-word\" data-word-idx=\"141\">\u00f6n\u00fcndeki<\/span>\u00a0<span class=\"tts-word\" data-word-idx=\"142\">engellerin<\/span>\u00a0<span class=\"tts-word\" data-word-idx=\"143\">kald\u0131r\u0131lmas\u0131<\/span>\u00a0<span class=\"tts-word\" data-word-idx=\"144\">T\u00fcrkiye<\/span>\u00a0<span class=\"tts-word\" data-word-idx=\"145\">has\u0131mlar\u0131n\u0131n<\/span>\u00a0<span class=\"tts-word\" data-word-idx=\"146\">uykular\u0131n\u0131<\/span>\u00a0<span class=\"tts-word\" data-word-idx=\"147\">ka\u00e7\u0131rmaktad\u0131r.<\/span><\/p>\n<p><span class=\"tts-word\" data-word-idx=\"148\">Ter\u00f6r,<\/span>\u00a0<span class=\"tts-word\" data-word-idx=\"149\">\u015fiddet<\/span>\u00a0<span class=\"tts-word\" data-word-idx=\"150\">ve<\/span>\u00a0<span class=\"tts-word\" data-word-idx=\"151\">b\u00f6l\u00fcc\u00fcl\u00fc\u011f\u00fcn<\/span>\u00a0<span class=\"tts-word\" data-word-idx=\"152\">zihinlerden<\/span>\u00a0<span class=\"tts-word\" data-word-idx=\"153\">de<\/span>\u00a0<span class=\"tts-word\" data-word-idx=\"154\">silinmesinden,<\/span>\u00a0<span class=\"tts-word\" data-word-idx=\"155\">birlik<\/span>\u00a0<span class=\"tts-word\" data-word-idx=\"156\">ve<\/span>\u00a0<span class=\"tts-word\" data-word-idx=\"157\">beraberli\u011fin<\/span>\u00a0<span class=\"tts-word\" data-word-idx=\"158\">k\u00f6k<\/span>\u00a0<span class=\"tts-word\" data-word-idx=\"159\">salmas\u0131ndan<\/span>\u00a0<span class=\"tts-word\" data-word-idx=\"160\">rahats\u0131z<\/span>\u00a0<span class=\"tts-word\" data-word-idx=\"161\">olanlar<\/span>\u00a0<span class=\"tts-word\" data-word-idx=\"162\">s\u00f6zde<\/span>\u00a0<span class=\"tts-word\" data-word-idx=\"163\">ara\u015ft\u0131rmalar<\/span>\u00a0<span class=\"tts-word\" data-word-idx=\"164\">\u00fczerinden<\/span>\u00a0<span class=\"tts-word\" data-word-idx=\"165\">toplumu<\/span>\u00a0<span class=\"tts-word\" data-word-idx=\"166\">enfekte<\/span>\u00a0<span class=\"tts-word\" data-word-idx=\"167\">etmeye<\/span>\u00a0<span class=\"tts-word\" data-word-idx=\"168\">\u00e7al\u0131\u015fsa<\/span>\u00a0<span class=\"tts-word\" data-word-idx=\"169\">da<\/span>\u00a0<span class=\"tts-word\" data-word-idx=\"170\">milletimizin<\/span>\u00a0<span class=\"tts-word\" data-word-idx=\"171\">feraseti<\/span>\u00a0<span class=\"tts-word\" data-word-idx=\"172\">kirli<\/span>\u00a0<span class=\"tts-word\" data-word-idx=\"173\">oyunlar\u0131<\/span>\u00a0<span class=\"tts-word\" data-word-idx=\"174\">bozacak<\/span>\u00a0<span class=\"tts-word\" data-word-idx=\"175\">g\u00fc\u00e7tedir.<\/span><\/p>\n<p><span class=\"tts-word\" data-word-idx=\"176\">Ter\u00f6r\u00fcn<\/span>\u00a0<span class=\"tts-word\" data-word-idx=\"177\">tamamen<\/span>\u00a0<span class=\"tts-word\" data-word-idx=\"178\">tasfiye<\/span>\u00a0<span class=\"tts-word\" data-word-idx=\"179\">edildi\u011fi<\/span>\u00a0<span class=\"tts-word\" data-word-idx=\"180\">bir<\/span>\u00a0<span class=\"tts-word\" data-word-idx=\"181\">T\u00fcrkiye<\/span>\u00a0<span class=\"tts-word\" data-word-idx=\"182\">\u00f6ng\u00f6r\u00fclebilirli\u011fi<\/span>\u00a0<span class=\"tts-word\" data-word-idx=\"183\">ve<\/span>\u00a0<span class=\"tts-word\" data-word-idx=\"184\">yat\u0131r\u0131mc\u0131<\/span>\u00a0<span class=\"tts-word\" data-word-idx=\"185\">g\u00fcvenini<\/span>\u00a0<span class=\"tts-word\" data-word-idx=\"186\">art\u0131racak,<\/span>\u00a0<span class=\"tts-word\" data-word-idx=\"187\">\u00fcretim<\/span>\u00a0<span class=\"tts-word\" data-word-idx=\"188\">kapasitesini<\/span>\u00a0<span class=\"tts-word\" data-word-idx=\"189\">g\u00fc\u00e7lendirecek<\/span>\u00a0<span class=\"tts-word\" data-word-idx=\"190\">ve<\/span>\u00a0<span class=\"tts-word\" data-word-idx=\"191\">b\u00f6lgesel<\/span>\u00a0<span class=\"tts-word\" data-word-idx=\"192\">ticaret<\/span>\u00a0<span class=\"tts-word\" data-word-idx=\"193\">a\u011flar\u0131n\u0131n<\/span>\u00a0<span class=\"tts-word\" data-word-idx=\"194\">merkezinde<\/span>\u00a0<span class=\"tts-word\" data-word-idx=\"195\">vatanda\u015flar\u0131m\u0131z\u0131n<\/span>\u00a0<span class=\"tts-word\" data-word-idx=\"196\">refah\u0131n\u0131<\/span>\u00a0<span class=\"tts-word\" data-word-idx=\"197\">art\u0131racakt\u0131r.<\/span><\/p>\n<p><span class=\"tts-word\" data-word-idx=\"198\">T\u00fcrkiye\u2019nin<\/span>\u00a0<span class=\"tts-word\" data-word-idx=\"199\">ter\u00f6r<\/span>\u00a0<span class=\"tts-word\" data-word-idx=\"200\">meselesini;<\/span>\u00a0<span class=\"tts-word\" data-word-idx=\"201\">i\u00e7<\/span>\u00a0<span class=\"tts-word\" data-word-idx=\"202\">cephesini<\/span>\u00a0<span class=\"tts-word\" data-word-idx=\"203\">kuvvetlendirmi\u015f,<\/span>\u00a0<span class=\"tts-word\" data-word-idx=\"204\">milli<\/span>\u00a0<span class=\"tts-word\" data-word-idx=\"205\">birli\u011fini,<\/span>\u00a0<span class=\"tts-word\" data-word-idx=\"206\">siyasi<\/span>\u00a0<span class=\"tts-word\" data-word-idx=\"207\">ve<\/span>\u00a0<span class=\"tts-word\" data-word-idx=\"208\">ekonomik<\/span>\u00a0<span class=\"tts-word\" data-word-idx=\"209\">istikrar\u0131n\u0131<\/span>\u00a0<span class=\"tts-word\" data-word-idx=\"210\">sa\u011flam\u0131\u015f<\/span>\u00a0<span class=\"tts-word\" data-word-idx=\"211\">olarak,<\/span>\u00a0<span class=\"tts-word\" data-word-idx=\"212\">milli<\/span>\u00a0<span class=\"tts-word\" data-word-idx=\"213\">iradesi<\/span>\u00a0<span class=\"tts-word\" data-word-idx=\"214\">i\u00e7inde<\/span>\u00a0<span class=\"tts-word\" data-word-idx=\"215\">\u00e7\u00f6z\u00fcme<\/span>\u00a0<span class=\"tts-word\" data-word-idx=\"216\">kavu\u015fturmas\u0131,<\/span>\u00a0<span class=\"tts-word\" data-word-idx=\"217\">temel<\/span>\u00a0<span class=\"tts-word\" data-word-idx=\"218\">arzumuz<\/span>\u00a0<span class=\"tts-word\" data-word-idx=\"219\">ve<\/span>\u00a0<span class=\"tts-word\" data-word-idx=\"220\">hedefimizdir.<\/span><\/p>\n<p><span class=\"tts-word\" data-word-idx=\"221\">O<\/span>\u00a0<span class=\"tts-word\" data-word-idx=\"222\">sebeple<\/span>\u00a0<span class=\"tts-word\" data-word-idx=\"223\">gerginlik<\/span>\u00a0<span class=\"tts-word\" data-word-idx=\"224\">ve<\/span>\u00a0<span class=\"tts-word\" data-word-idx=\"225\">kutupla\u015fmalara,<\/span>\u00a0<span class=\"tts-word\" data-word-idx=\"226\">toplumsal<\/span>\u00a0<span class=\"tts-word\" data-word-idx=\"227\">olaylara<\/span>\u00a0<span class=\"tts-word\" data-word-idx=\"228\">sebebiyet<\/span>\u00a0<span class=\"tts-word\" data-word-idx=\"229\">verebilecek<\/span>\u00a0<span class=\"tts-word\" data-word-idx=\"230\">giri\u015fimlerden<\/span>\u00a0<span class=\"tts-word\" data-word-idx=\"231\">ka\u00e7\u0131n\u0131lmas\u0131n\u0131<\/span>\u00a0<span class=\"tts-word\" data-word-idx=\"232\">hayati<\/span>\u00a0<span class=\"tts-word\" data-word-idx=\"233\">\u00f6nemde<\/span>\u00a0<span class=\"tts-word\" data-word-idx=\"234\">g\u00f6r\u00fcyoruz.<\/span><\/p>\n<p><span class=\"tts-word\" data-word-idx=\"235\">Emperyalizmin<\/span>\u00a0<span class=\"tts-word\" data-word-idx=\"236\">etnik,<\/span>\u00a0<span class=\"tts-word\" data-word-idx=\"237\">dini,<\/span>\u00a0<span class=\"tts-word\" data-word-idx=\"238\">mezhep<\/span>\u00a0<span class=\"tts-word\" data-word-idx=\"239\">temelli<\/span>\u00a0<span class=\"tts-word\" data-word-idx=\"240\">ayr\u0131\u015ft\u0131r\u0131c\u0131l\u0131k<\/span>\u00a0<span class=\"tts-word\" data-word-idx=\"241\">ve<\/span>\u00a0<span class=\"tts-word\" data-word-idx=\"242\">kaosu<\/span>\u00a0<span class=\"tts-word\" data-word-idx=\"243\">s\u00fcreklile\u015ftirerek<\/span>\u00a0<span class=\"tts-word\" data-word-idx=\"244\">siyasi,<\/span>\u00a0<span class=\"tts-word\" data-word-idx=\"245\">sosyal<\/span>\u00a0<span class=\"tts-word\" data-word-idx=\"246\">ve<\/span>\u00a0<span class=\"tts-word\" data-word-idx=\"247\">ekonomik<\/span>\u00a0<span class=\"tts-word\" data-word-idx=\"248\">istikrars\u0131zl\u0131k<\/span>\u00a0<span class=\"tts-word\" data-word-idx=\"249\">\u00fcretme<\/span>\u00a0<span class=\"tts-word\" data-word-idx=\"250\">\u00e7abas\u0131<\/span>\u00a0<span class=\"tts-word\" data-word-idx=\"251\">bilinmektedir.<\/span><\/p>\n<p><span class=\"tts-word\" data-word-idx=\"252\">Ter\u00f6rs\u00fcz<\/span>\u00a0<span class=\"tts-word\" data-word-idx=\"253\">T\u00fcrkiye,<\/span>\u00a0<span class=\"tts-word\" data-word-idx=\"254\">b\u00f6lgemizdeki<\/span>\u00a0<span class=\"tts-word\" data-word-idx=\"255\">benzer<\/span>\u00a0<span class=\"tts-word\" data-word-idx=\"256\">tahriklere<\/span>\u00a0<span class=\"tts-word\" data-word-idx=\"257\">ve<\/span>\u00a0<span class=\"tts-word\" data-word-idx=\"258\">\u00e7at\u0131\u015fmalara<\/span>\u00a0<span class=\"tts-word\" data-word-idx=\"259\">kar\u015f\u0131<\/span>\u00a0<span class=\"tts-word\" data-word-idx=\"260\">da<\/span>\u00a0<span class=\"tts-word\" data-word-idx=\"261\">b\u00f6lgesel<\/span>\u00a0<span class=\"tts-word\" data-word-idx=\"262\">istikrar<\/span>\u00a0<span class=\"tts-word\" data-word-idx=\"263\">ve<\/span>\u00a0<span class=\"tts-word\" data-word-idx=\"264\">bar\u0131\u015f\u0131<\/span>\u00a0<span class=\"tts-word\" data-word-idx=\"265\">hedeflemektedir.<\/span><\/p>\n<p><span class=\"tts-word\" data-word-idx=\"266\">Milletimiz<\/span>\u00a0<span class=\"tts-word\" data-word-idx=\"267\">ter\u00f6rs\u00fcz<\/span>\u00a0<span class=\"tts-word\" data-word-idx=\"268\">T\u00fcrkiye\u2019nin<\/span>\u00a0<span class=\"tts-word\" data-word-idx=\"269\">yan\u0131nda<\/span>\u00a0<span class=\"tts-word\" data-word-idx=\"270\">duruyor<\/span>\u00a0<span class=\"tts-word\" data-word-idx=\"271\">ve<\/span>\u00a0<span class=\"tts-word\" data-word-idx=\"272\">ter\u00f6r\u00fcn<\/span>\u00a0<span class=\"tts-word\" data-word-idx=\"273\">b\u00fct\u00fcn<\/span>\u00a0<span class=\"tts-word\" data-word-idx=\"274\">unsurlar\u0131yla<\/span>\u00a0<span class=\"tts-word\" data-word-idx=\"275\">g\u00fcndemimizden<\/span>\u00a0<span class=\"tts-word\" data-word-idx=\"276\">\u00e7\u0131kmas\u0131n\u0131<\/span>\u00a0<span class=\"tts-word\" data-word-idx=\"277\">istiyor.<\/span><\/p>\n<p><span class=\"tts-word\" data-word-idx=\"278\">Ter\u00f6r\u00fcn<\/span>\u00a0<span class=\"tts-word\" data-word-idx=\"279\">zehirli<\/span>\u00a0<span class=\"tts-word\" data-word-idx=\"280\">havas\u0131n\u0131n<\/span>\u00a0<span class=\"tts-word\" data-word-idx=\"281\">siyasi<\/span>\u00a0<span class=\"tts-word\" data-word-idx=\"282\">iklimimizden<\/span>\u00a0<span class=\"tts-word\" data-word-idx=\"283\">temizlenmesini,<\/span>\u00a0<span class=\"tts-word\" data-word-idx=\"284\">ayr\u0131k<\/span>\u00a0<span class=\"tts-word\" data-word-idx=\"285\">otlar\u0131n\u0131n<\/span>\u00a0<span class=\"tts-word\" data-word-idx=\"286\">g\u00fcven<\/span>\u00a0<span class=\"tts-word\" data-word-idx=\"287\">ve<\/span>\u00a0<span class=\"tts-word\" data-word-idx=\"288\">huzur<\/span>\u00a0<span class=\"tts-word\" data-word-idx=\"289\">topra\u011f\u0131m\u0131zdan<\/span>\u00a0<span class=\"tts-word\" data-word-idx=\"290\">s\u00f6k\u00fcl\u00fcp<\/span>\u00a0<span class=\"tts-word\" data-word-idx=\"291\">at\u0131lmas\u0131n\u0131<\/span>\u00a0<span class=\"tts-word\" data-word-idx=\"292\">diliyor.<\/span><\/p>\n<p><span class=\"tts-word\" data-word-idx=\"293\">Demokrasi,<\/span>\u00a0<span class=\"tts-word\" data-word-idx=\"294\">hukuk<\/span>\u00a0<span class=\"tts-word\" data-word-idx=\"295\">devleti,<\/span>\u00a0<span class=\"tts-word\" data-word-idx=\"296\">refah<\/span>\u00a0<span class=\"tts-word\" data-word-idx=\"297\">ve<\/span>\u00a0<span class=\"tts-word\" data-word-idx=\"298\">g\u00fcven<\/span>\u00a0<span class=\"tts-word\" data-word-idx=\"299\">ikliminin<\/span>\u00a0<span class=\"tts-word\" data-word-idx=\"300\">peki\u015ferek<\/span>\u00a0<span class=\"tts-word\" data-word-idx=\"301\">hi\u00e7bir<\/span>\u00a0<span class=\"tts-word\" data-word-idx=\"302\">ayr\u0131m<\/span>\u00a0<span class=\"tts-word\" data-word-idx=\"303\">g\u00f6zetmeksizin<\/span>\u00a0<span class=\"tts-word\" data-word-idx=\"304\">t\u00fcm<\/span>\u00a0<span class=\"tts-word\" data-word-idx=\"305\">vatanda\u015flar\u0131m\u0131z\u0131<\/span>\u00a0<span class=\"tts-word\" data-word-idx=\"306\">ku\u015fatmas\u0131n\u0131<\/span>\u00a0<span class=\"tts-word\" data-word-idx=\"307\">ve<\/span>\u00a0<span class=\"tts-word\" data-word-idx=\"308\">kucaklamas\u0131n\u0131<\/span>\u00a0<span class=\"tts-word\" data-word-idx=\"309\">arzu<\/span>\u00a0<span class=\"tts-word\" data-word-idx=\"310\">ediyor.<\/span><\/p>\n<p><span class=\"tts-word\" data-word-idx=\"311\">\u0130nan\u0131yoruz<\/span>\u00a0<span class=\"tts-word\" data-word-idx=\"312\">ki<\/span>\u00a0<span class=\"tts-word\" data-word-idx=\"313\">millet\u00e7e<\/span>\u00a0<span class=\"tts-word\" data-word-idx=\"314\">provokasyonlara<\/span>\u00a0<span class=\"tts-word\" data-word-idx=\"315\">gelmeyecek,<\/span>\u00a0<span class=\"tts-word\" data-word-idx=\"316\">bir<\/span>\u00a0<span class=\"tts-word\" data-word-idx=\"317\">devlet<\/span>\u00a0<span class=\"tts-word\" data-word-idx=\"318\">politikas\u0131<\/span>\u00a0<span class=\"tts-word\" data-word-idx=\"319\">olan<\/span>\u00a0<span class=\"tts-word\" data-word-idx=\"320\">ter\u00f6rs\u00fcz<\/span>\u00a0<span class=\"tts-word\" data-word-idx=\"321\">T\u00fcrkiye<\/span>\u00a0<span class=\"tts-word\" data-word-idx=\"322\">hedefi,<\/span>\u00a0<span class=\"tts-word\" data-word-idx=\"323\">T\u00fcrk<\/span>\u00a0<span class=\"tts-word\" data-word-idx=\"324\">siyasetinin<\/span>\u00a0<span class=\"tts-word\" data-word-idx=\"325\">ba\u015far\u0131s\u0131,<\/span>\u00a0<span class=\"tts-word\" data-word-idx=\"326\">in\u015fallah<\/span>\u00a0<span class=\"tts-word\" data-word-idx=\"327\">da<\/span>\u00a0<span class=\"tts-word\" data-word-idx=\"328\">topyek\u00fcn<\/span>\u00a0<span class=\"tts-word\" data-word-idx=\"329\">milletimizin<\/span>\u00a0<span class=\"tts-word\" data-word-idx=\"330\">eseri<\/span>\u00a0<span class=\"tts-word\" data-word-idx=\"331\">olacakt\u0131r.<\/span><\/p>\n<p><span class=\"tts-word\" data-word-idx=\"332\">Hep<\/span>\u00a0<span class=\"tts-word\" data-word-idx=\"333\">birlikte<\/span>\u00a0<span class=\"tts-word\" data-word-idx=\"334\">T\u00fcrk<\/span>\u00a0<span class=\"tts-word\" data-word-idx=\"335\">milletiyiz,<\/span>\u00a0<span class=\"tts-word\" data-word-idx=\"336\">hepimiz<\/span>\u00a0<span class=\"tts-word\" data-word-idx=\"337\">T\u00fcrkiye<\/span>\u00a0<span class=\"tts-word\" data-word-idx=\"338\">Cumhuriyeti\u2019yiz.\u201d<\/span><\/p>\n","protected":false},"excerpt":{"rendered":"<p>MHP\u00a0Genel\u00a0Ba\u015fkan\u00a0Yard\u0131mc\u0131s\u0131\u00a0Feti\u00a0Y\u0131ld\u0131z,\u00a0PKK\u2019nin\u00a0tasiye\u00a0edilmesi\u00a0i\u00e7in\u00a0ba\u015flat\u0131lan\u00a0s\u00fcrecin\u00a0bir\u00a0&#8220;devlet\u00a0politikas\u0131&#8221;\u00a0oldu\u011fu\u00a0vurgulan\u0131rken,\u00a0bu\u00a0s\u00fcre\u00e7te\u00a0\u201ctoplumsal\u00a0karga\u015fa\u00a0yaratmak\u00a0isteyen\u00a0odaklara\u201d\u00a0kar\u015f\u0131\u00a0uyar\u0131da\u00a0bulundu. Feti\u00a0Y\u0131ld\u0131z\u00a0konuya\u00a0dair\u00a0X\u00a0hesab\u0131ndan\u00a0payla\u015f\u0131mda\u00a0bulundu. Y\u0131ld\u0131z\u00a0payla\u015f\u0131m\u0131nda,\u00a0T\u00fcrkiye\u2019nin\u00a0\u015fiddet\u00a0ortam\u0131ndan\u00a0kurtulma\u00a0f\u0131rsat\u0131n\u0131n\u00a0&#8220;ihanet\u00a0\u015febekelerini&#8221;\u00a0rahats\u0131z\u00a0etti\u011fini\u00a0s\u00f6yledi\u00a0ve\u00a0&#8220;Muhataplar\u0131\u00a0bilsin\u00a0ki\u00a0\u015fer\u00a0cephesinde\u00a0kurulmaya\u00a0\u00e7al\u0131\u015f\u0131lan\u00a0tuzaklar\u0131n\u00a0fark\u0131nday\u0131z.\u00a0Ter\u00f6rs\u00fcz\u00a0T\u00fcrkiye\u2019den\u00a0geriye\u00a0d\u00f6n\u00fc\u015f\u00a0olmayacakt\u0131r&#8221;\u00a0ifadelerini\u00a0kulland\u0131. Feti\u00a0Y\u0131ld\u0131z\u2019\u0131n\u00a0payla\u015f\u0131m\u0131\u00a0\u015f\u00f6yle: \u201cLiderimiz\u00a0Say\u0131n\u00a0Devlet\u00a0Bah\u00e7eli, \u201cDezenformasyonla\u00a0ve\u00a0alg\u0131\u00a0operasyonlar\u0131yla\u00a0T\u00fcrk\u00a0milletinin\u00a0kutlu\u00a0y\u00fcr\u00fcy\u00fc\u015f\u00fcn\u00fc\u00a0durdurmaya,\u00a0toplumsal\u00a0m\u00fchendislik\u00a0hesaplar\u0131yla\u00a0T\u00fcrkiye&#8217;yi\u00a0karga\u015fa\u00a0ve\u00a0kaos\u00a0iklimine\u00a0sokmaya,\u00a0\u00fclkemizin\u00a0rotas\u0131n\u0131\u00a0de\u011fi\u015ftirmeye\u00a0kimsenin\u00a0g\u00fcc\u00fc\u00a0yetmeyecektir. Ter\u00f6rs\u00fcz\u00a0T\u00fcrkiye\u2019den\u00a0geriye\u00a0d\u00f6n\u00fc\u015f\u00a0olmayacakt\u0131r. Muhataplar\u0131\u00a0bilsin\u00a0ki\u00a0\u015fer\u00a0cephesinde\u00a0kurulmaya\u00a0\u00e7al\u0131\u015f\u0131lan\u00a0tuzaklar\u0131n\u00a0fark\u0131nday\u0131z. T\u00fcrkiye\u2019nin\u00a0yakla\u015f\u0131k\u00a0elli\u00a0y\u0131ld\u0131r\u00a0m\u00fccadele\u00a0etti\u011fi,\u00a0bir\u00e7ok\u00a0insan\u0131m\u0131z\u0131n\u00a0can\u0131na\u00a0ve\u00a0mal\u0131na\u00a0sebep\u00a0olan\u00a0ter\u00f6rden\u00a0ilelebet\u00a0kurtulma\u00a0f\u0131rsat\u0131\u00a0ihanet\u00a0\u015febekelerini\u00a0rahats\u0131z\u00a0etmektedir. Karde\u015fli\u011fimizin\u00a0g\u00fc\u00e7lendirilmesi,\u00a0demokrasinin\u00a0geli\u015fmesi\u00a0ve\u00a0\u00fclkemizin\u00a0y\u00fckseli\u015finin\u00a0\u00f6n\u00fcndeki\u00a0engellerin\u00a0kald\u0131r\u0131lmas\u0131\u00a0T\u00fcrkiye\u00a0has\u0131mlar\u0131n\u0131n\u00a0uykular\u0131n\u0131\u00a0ka\u00e7\u0131rmaktad\u0131r. Ter\u00f6r,\u00a0\u015fiddet\u00a0ve\u00a0b\u00f6l\u00fcc\u00fcl\u00fc\u011f\u00fcn\u00a0zihinlerden\u00a0de\u00a0silinmesinden,\u00a0birlik\u00a0ve\u00a0beraberli\u011fin\u00a0k\u00f6k\u00a0salmas\u0131ndan\u00a0rahats\u0131z\u00a0olanlar\u00a0s\u00f6zde\u00a0ara\u015ft\u0131rmalar\u00a0\u00fczerinden\u00a0toplumu\u00a0enfekte\u00a0etmeye\u00a0\u00e7al\u0131\u015fsa\u00a0da\u00a0milletimizin\u00a0feraseti\u00a0kirli\u00a0oyunlar\u0131\u00a0bozacak\u00a0g\u00fc\u00e7tedir. Ter\u00f6r\u00fcn\u00a0tamamen\u00a0tasfiye\u00a0edildi\u011fi\u00a0bir\u00a0T\u00fcrkiye\u00a0\u00f6ng\u00f6r\u00fclebilirli\u011fi\u00a0ve\u00a0yat\u0131r\u0131mc\u0131\u00a0g\u00fcvenini\u00a0art\u0131racak,\u00a0\u00fcretim\u00a0kapasitesini\u00a0g\u00fc\u00e7lendirecek\u00a0ve\u00a0b\u00f6lgesel\u00a0ticaret\u00a0a\u011flar\u0131n\u0131n\u00a0merkezinde\u00a0vatanda\u015flar\u0131m\u0131z\u0131n\u00a0refah\u0131n\u0131\u00a0art\u0131racakt\u0131r. T\u00fcrkiye\u2019nin\u00a0ter\u00f6r\u00a0meselesini;\u00a0i\u00e7\u00a0cephesini\u00a0kuvvetlendirmi\u015f,\u00a0milli\u00a0birli\u011fini,\u00a0siyasi\u00a0ve\u00a0ekonomik\u00a0istikrar\u0131n\u0131\u00a0sa\u011flam\u0131\u015f\u00a0olarak,\u00a0milli\u00a0iradesi\u00a0i\u00e7inde\u00a0\u00e7\u00f6z\u00fcme\u00a0kavu\u015fturmas\u0131,\u00a0temel\u00a0arzumuz\u00a0ve\u00a0hedefimizdir. O\u00a0sebeple\u00a0gerginlik\u00a0ve\u00a0kutupla\u015fmalara,\u00a0toplumsal\u00a0olaylara\u00a0sebebiyet\u00a0verebilecek\u00a0giri\u015fimlerden\u00a0ka\u00e7\u0131n\u0131lmas\u0131n\u0131\u00a0hayati\u00a0\u00f6nemde\u00a0g\u00f6r\u00fcyoruz. Emperyalizmin\u00a0etnik,\u00a0dini,\u00a0mezhep\u00a0temelli\u00a0ayr\u0131\u015ft\u0131r\u0131c\u0131l\u0131k\u00a0ve\u00a0kaosu\u00a0s\u00fcreklile\u015ftirerek\u00a0siyasi,\u00a0sosyal\u00a0ve\u00a0ekonomik\u00a0istikrars\u0131zl\u0131k\u00a0\u00fcretme\u00a0\u00e7abas\u0131\u00a0bilinmektedir. Ter\u00f6rs\u00fcz\u00a0T\u00fcrkiye,\u00a0b\u00f6lgemizdeki\u00a0benzer\u00a0tahriklere\u00a0ve\u00a0\u00e7at\u0131\u015fmalara\u00a0kar\u015f\u0131\u00a0da\u00a0b\u00f6lgesel\u00a0istikrar\u00a0ve\u00a0bar\u0131\u015f\u0131\u00a0hedeflemektedir. Milletimiz\u00a0ter\u00f6rs\u00fcz\u00a0T\u00fcrkiye\u2019nin\u00a0yan\u0131nda\u00a0duruyor\u00a0ve\u00a0ter\u00f6r\u00fcn\u00a0b\u00fct\u00fcn\u00a0unsurlar\u0131yla\u00a0g\u00fcndemimizden\u00a0\u00e7\u0131kmas\u0131n\u0131\u00a0istiyor. Ter\u00f6r\u00fcn\u00a0zehirli\u00a0havas\u0131n\u0131n\u00a0siyasi\u00a0iklimimizden\u00a0temizlenmesini,\u00a0ayr\u0131k\u00a0otlar\u0131n\u0131n\u00a0g\u00fcven\u00a0ve\u00a0huzur\u00a0topra\u011f\u0131m\u0131zdan\u00a0s\u00f6k\u00fcl\u00fcp\u00a0at\u0131lmas\u0131n\u0131\u00a0diliyor. Demokrasi,\u00a0hukuk\u00a0devleti,\u00a0refah\u00a0ve\u00a0g\u00fcven\u00a0ikliminin\u00a0peki\u015ferek\u00a0hi\u00e7bir\u00a0ayr\u0131m\u00a0g\u00f6zetmeksizin\u00a0t\u00fcm\u00a0vatanda\u015flar\u0131m\u0131z\u0131\u00a0ku\u015fatmas\u0131n\u0131\u00a0ve\u00a0kucaklamas\u0131n\u0131\u00a0arzu\u00a0ediyor. \u0130nan\u0131yoruz\u00a0ki\u00a0millet\u00e7e\u00a0provokasyonlara\u00a0gelmeyecek,\u00a0bir\u00a0devlet\u00a0politikas\u0131\u00a0olan\u00a0ter\u00f6rs\u00fcz\u00a0T\u00fcrkiye\u00a0hedefi,\u00a0T\u00fcrk\u00a0siyasetinin\u00a0ba\u015far\u0131s\u0131,\u00a0in\u015fallah\u00a0da\u00a0topyek\u00fcn\u00a0milletimizin\u00a0eseri\u00a0olacakt\u0131r. Hep\u00a0birlikte\u00a0T\u00fcrk\u00a0milletiyiz,\u00a0hepimiz\u00a0T\u00fcrkiye\u00a0Cumhuriyeti\u2019yiz.\u201d<\/p>\n","protected":false},"author":2,"featured_media":1039240,"comment_status":"closed","ping_status":"closed","sticky":false,"template":"","format":"standard","meta":{"footnotes":""},"categories":[29],"tags":[],"class_list":["post-1039239","post","type-post","status-publish","format-standard","has-post-thumbnail","hentry","category-ortadogu"],"blocksy_meta":{"styles_descriptor":{"styles":{"desktop":"","tablet":"","mobile":""},"google_fonts":[],"version":7}},"seo_head":"<!-- This site is optimized with the Yoast SEO plugin v28.4 - https:\/\/yoast.com\/product\/yoast-seo-wordpress\/ -->\n<title>Feti Y\u0131ld\u0131zdan \u00e7\u00f6z\u00fcm s\u00fcreci a\u00e7\u0131klamas\u0131: Hep birlikte T\u00fcrk milletiyiz - Darka Mazi<\/title>\n<meta name=\"robots\" content=\"index, follow, max-snippet:-1, max-image-preview:large, max-video-preview:-1\" \/>\n<link rel=\"canonical\" href=\"https:\/\/darkamazi.site\/archives\/1039239\" \/>\n<meta property=\"og:locale\" content=\"en_US\" \/>\n<meta property=\"og:type\" content=\"article\" \/>\n<meta property=\"og:title\" content=\"Feti Y\u0131ld\u0131zdan \u00e7\u00f6z\u00fcm s\u00fcreci a\u00e7\u0131klamas\u0131: Hep birlikte T\u00fcrk milletiyiz - Darka Mazi\" \/>\n<meta property=\"og:description\" content=\"MHP\u00a0Genel\u00a0Ba\u015fkan\u00a0Yard\u0131mc\u0131s\u0131\u00a0Feti\u00a0Y\u0131ld\u0131z,\u00a0PKK\u2019nin\u00a0tasiye\u00a0edilmesi\u00a0i\u00e7in\u00a0ba\u015flat\u0131lan\u00a0s\u00fcrecin\u00a0bir\u00a0&#8220;devlet\u00a0politikas\u0131&#8221;\u00a0oldu\u011fu\u00a0vurgulan\u0131rken,\u00a0bu\u00a0s\u00fcre\u00e7te\u00a0\u201ctoplumsal\u00a0karga\u015fa\u00a0yaratmak\u00a0isteyen\u00a0odaklara\u201d\u00a0kar\u015f\u0131\u00a0uyar\u0131da\u00a0bulundu. Feti\u00a0Y\u0131ld\u0131z\u00a0konuya\u00a0dair\u00a0X\u00a0hesab\u0131ndan\u00a0payla\u015f\u0131mda\u00a0bulundu. Y\u0131ld\u0131z\u00a0payla\u015f\u0131m\u0131nda,\u00a0T\u00fcrkiye\u2019nin\u00a0\u015fiddet\u00a0ortam\u0131ndan\u00a0kurtulma\u00a0f\u0131rsat\u0131n\u0131n\u00a0&#8220;ihanet\u00a0\u015febekelerini&#8221;\u00a0rahats\u0131z\u00a0etti\u011fini\u00a0s\u00f6yledi\u00a0ve\u00a0&#8220;Muhataplar\u0131\u00a0bilsin\u00a0ki\u00a0\u015fer\u00a0cephesinde\u00a0kurulmaya\u00a0\u00e7al\u0131\u015f\u0131lan\u00a0tuzaklar\u0131n\u00a0fark\u0131nday\u0131z.\u00a0Ter\u00f6rs\u00fcz\u00a0T\u00fcrkiye\u2019den\u00a0geriye\u00a0d\u00f6n\u00fc\u015f\u00a0olmayacakt\u0131r&#8221;\u00a0ifadelerini\u00a0kulland\u0131. Feti\u00a0Y\u0131ld\u0131z\u2019\u0131n\u00a0payla\u015f\u0131m\u0131\u00a0\u015f\u00f6yle: \u201cLiderimiz\u00a0Say\u0131n\u00a0Devlet\u00a0Bah\u00e7eli, \u201cDezenformasyonla\u00a0ve\u00a0alg\u0131\u00a0operasyonlar\u0131yla\u00a0T\u00fcrk\u00a0milletinin\u00a0kutlu\u00a0y\u00fcr\u00fcy\u00fc\u015f\u00fcn\u00fc\u00a0durdurmaya,\u00a0toplumsal\u00a0m\u00fchendislik\u00a0hesaplar\u0131yla\u00a0T\u00fcrkiye&#8217;yi\u00a0karga\u015fa\u00a0ve\u00a0kaos\u00a0iklimine\u00a0sokmaya,\u00a0\u00fclkemizin\u00a0rotas\u0131n\u0131\u00a0de\u011fi\u015ftirmeye\u00a0kimsenin\u00a0g\u00fcc\u00fc\u00a0yetmeyecektir. Ter\u00f6rs\u00fcz\u00a0T\u00fcrkiye\u2019den\u00a0geriye\u00a0d\u00f6n\u00fc\u015f\u00a0olmayacakt\u0131r. Muhataplar\u0131\u00a0bilsin\u00a0ki\u00a0\u015fer\u00a0cephesinde\u00a0kurulmaya\u00a0\u00e7al\u0131\u015f\u0131lan\u00a0tuzaklar\u0131n\u00a0fark\u0131nday\u0131z. T\u00fcrkiye\u2019nin\u00a0yakla\u015f\u0131k\u00a0elli\u00a0y\u0131ld\u0131r\u00a0m\u00fccadele\u00a0etti\u011fi,\u00a0bir\u00e7ok\u00a0insan\u0131m\u0131z\u0131n\u00a0can\u0131na\u00a0ve\u00a0mal\u0131na\u00a0sebep\u00a0olan\u00a0ter\u00f6rden\u00a0ilelebet\u00a0kurtulma\u00a0f\u0131rsat\u0131\u00a0ihanet\u00a0\u015febekelerini\u00a0rahats\u0131z\u00a0etmektedir. Karde\u015fli\u011fimizin\u00a0g\u00fc\u00e7lendirilmesi,\u00a0demokrasinin\u00a0geli\u015fmesi\u00a0ve\u00a0\u00fclkemizin\u00a0y\u00fckseli\u015finin\u00a0\u00f6n\u00fcndeki\u00a0engellerin\u00a0kald\u0131r\u0131lmas\u0131\u00a0T\u00fcrkiye\u00a0has\u0131mlar\u0131n\u0131n\u00a0uykular\u0131n\u0131\u00a0ka\u00e7\u0131rmaktad\u0131r. Ter\u00f6r,\u00a0\u015fiddet\u00a0ve\u00a0b\u00f6l\u00fcc\u00fcl\u00fc\u011f\u00fcn\u00a0zihinlerden\u00a0de\u00a0silinmesinden,\u00a0birlik\u00a0ve\u00a0beraberli\u011fin\u00a0k\u00f6k\u00a0salmas\u0131ndan\u00a0rahats\u0131z\u00a0olanlar\u00a0s\u00f6zde\u00a0ara\u015ft\u0131rmalar\u00a0\u00fczerinden\u00a0toplumu\u00a0enfekte\u00a0etmeye\u00a0\u00e7al\u0131\u015fsa\u00a0da\u00a0milletimizin\u00a0feraseti\u00a0kirli\u00a0oyunlar\u0131\u00a0bozacak\u00a0g\u00fc\u00e7tedir. Ter\u00f6r\u00fcn\u00a0tamamen\u00a0tasfiye\u00a0edildi\u011fi\u00a0bir\u00a0T\u00fcrkiye\u00a0\u00f6ng\u00f6r\u00fclebilirli\u011fi\u00a0ve\u00a0yat\u0131r\u0131mc\u0131\u00a0g\u00fcvenini\u00a0art\u0131racak,\u00a0\u00fcretim\u00a0kapasitesini\u00a0g\u00fc\u00e7lendirecek\u00a0ve\u00a0b\u00f6lgesel\u00a0ticaret\u00a0a\u011flar\u0131n\u0131n\u00a0merkezinde\u00a0vatanda\u015flar\u0131m\u0131z\u0131n\u00a0refah\u0131n\u0131\u00a0art\u0131racakt\u0131r. T\u00fcrkiye\u2019nin\u00a0ter\u00f6r\u00a0meselesini;\u00a0i\u00e7\u00a0cephesini\u00a0kuvvetlendirmi\u015f,\u00a0milli\u00a0birli\u011fini,\u00a0siyasi\u00a0ve\u00a0ekonomik\u00a0istikrar\u0131n\u0131\u00a0sa\u011flam\u0131\u015f\u00a0olarak,\u00a0milli\u00a0iradesi\u00a0i\u00e7inde\u00a0\u00e7\u00f6z\u00fcme\u00a0kavu\u015fturmas\u0131,\u00a0temel\u00a0arzumuz\u00a0ve\u00a0hedefimizdir. O\u00a0sebeple\u00a0gerginlik\u00a0ve\u00a0kutupla\u015fmalara,\u00a0toplumsal\u00a0olaylara\u00a0sebebiyet\u00a0verebilecek\u00a0giri\u015fimlerden\u00a0ka\u00e7\u0131n\u0131lmas\u0131n\u0131\u00a0hayati\u00a0\u00f6nemde\u00a0g\u00f6r\u00fcyoruz. Emperyalizmin\u00a0etnik,\u00a0dini,\u00a0mezhep\u00a0temelli\u00a0ayr\u0131\u015ft\u0131r\u0131c\u0131l\u0131k\u00a0ve\u00a0kaosu\u00a0s\u00fcreklile\u015ftirerek\u00a0siyasi,\u00a0sosyal\u00a0ve\u00a0ekonomik\u00a0istikrars\u0131zl\u0131k\u00a0\u00fcretme\u00a0\u00e7abas\u0131\u00a0bilinmektedir. Ter\u00f6rs\u00fcz\u00a0T\u00fcrkiye,\u00a0b\u00f6lgemizdeki\u00a0benzer\u00a0tahriklere\u00a0ve\u00a0\u00e7at\u0131\u015fmalara\u00a0kar\u015f\u0131\u00a0da\u00a0b\u00f6lgesel\u00a0istikrar\u00a0ve\u00a0bar\u0131\u015f\u0131\u00a0hedeflemektedir. Milletimiz\u00a0ter\u00f6rs\u00fcz\u00a0T\u00fcrkiye\u2019nin\u00a0yan\u0131nda\u00a0duruyor\u00a0ve\u00a0ter\u00f6r\u00fcn\u00a0b\u00fct\u00fcn\u00a0unsurlar\u0131yla\u00a0g\u00fcndemimizden\u00a0\u00e7\u0131kmas\u0131n\u0131\u00a0istiyor. Ter\u00f6r\u00fcn\u00a0zehirli\u00a0havas\u0131n\u0131n\u00a0siyasi\u00a0iklimimizden\u00a0temizlenmesini,\u00a0ayr\u0131k\u00a0otlar\u0131n\u0131n\u00a0g\u00fcven\u00a0ve\u00a0huzur\u00a0topra\u011f\u0131m\u0131zdan\u00a0s\u00f6k\u00fcl\u00fcp\u00a0at\u0131lmas\u0131n\u0131\u00a0diliyor. Demokrasi,\u00a0hukuk\u00a0devleti,\u00a0refah\u00a0ve\u00a0g\u00fcven\u00a0ikliminin\u00a0peki\u015ferek\u00a0hi\u00e7bir\u00a0ayr\u0131m\u00a0g\u00f6zetmeksizin\u00a0t\u00fcm\u00a0vatanda\u015flar\u0131m\u0131z\u0131\u00a0ku\u015fatmas\u0131n\u0131\u00a0ve\u00a0kucaklamas\u0131n\u0131\u00a0arzu\u00a0ediyor. \u0130nan\u0131yoruz\u00a0ki\u00a0millet\u00e7e\u00a0provokasyonlara\u00a0gelmeyecek,\u00a0bir\u00a0devlet\u00a0politikas\u0131\u00a0olan\u00a0ter\u00f6rs\u00fcz\u00a0T\u00fcrkiye\u00a0hedefi,\u00a0T\u00fcrk\u00a0siyasetinin\u00a0ba\u015far\u0131s\u0131,\u00a0in\u015fallah\u00a0da\u00a0topyek\u00fcn\u00a0milletimizin\u00a0eseri\u00a0olacakt\u0131r. Hep\u00a0birlikte\u00a0T\u00fcrk\u00a0milletiyiz,\u00a0hepimiz\u00a0T\u00fcrkiye\u00a0Cumhuriyeti\u2019yiz.\u201d\" \/>\n<meta property=\"og:url\" content=\"https:\/\/darkamazi.site\/archives\/1039239\" \/>\n<meta property=\"og:site_name\" content=\"Darka Mazi\" \/>\n<meta property=\"article:publisher\" content=\"https:\/\/www.facebook.com\/DarkaMaziturkce\" \/>\n<meta property=\"article:published_time\" content=\"2026-09-03T10:19:04+00:00\" \/>\n<meta property=\"article:modified_time\" content=\"2026-09-03T10:24:09+00:00\" \/>\n<meta property=\"og:image\" content=\"https:\/\/darkamazi.site\/file\/2026\/09\/Fethi-Yildiz.jpg\" \/>\n\t<meta property=\"og:image:width\" content=\"1280\" \/>\n\t<meta property=\"og:image:height\" content=\"730\" \/>\n\t<meta property=\"og:image:type\" content=\"image\/jpeg\" \/>\n<meta name=\"author\" content=\"darka mazi\" \/>\n<meta name=\"twitter:card\" content=\"summary_large_image\" \/>\n<meta name=\"twitter:creator\" content=\"@DarkaMaziTurkce\" \/>\n<meta name=\"twitter:site\" content=\"@DarkaMaziTurkce\" \/>\n<meta name=\"twitter:label1\" content=\"Written by\" \/>\n\t<meta name=\"twitter:data1\" content=\"darka mazi\" \/>\n\t<meta name=\"twitter:label2\" content=\"Est. reading time\" \/>\n\t<meta name=\"twitter:data2\" content=\"2 minutes\" \/>\n<script type=\"application\/ld+json\" class=\"seo-schema-graph\">{\"@context\":\"https:\\\/\\\/schema.org\",\"@graph\":[{\"@type\":\"NewsArticle\",\"@id\":\"https:\\\/\\\/darkamazi.site\\\/archives\\\/1039239#article\",\"isPartOf\":{\"@id\":\"https:\\\/\\\/darkamazi.site\\\/archives\\\/1039239\"},\"author\":{\"name\":\"darka mazi\",\"@id\":\"https:\\\/\\\/darkamazi.site\\\/#\\\/schema\\\/person\\\/67986a95ac546c16760365877ef4a9d3\"},\"headline\":\"Feti Y\u0131ld\u0131zdan \u00e7\u00f6z\u00fcm s\u00fcreci a\u00e7\u0131klamas\u0131: Hep birlikte T\u00fcrk milletiyiz\",\"datePublished\":\"2026-09-03T10:19:04+00:00\",\"dateModified\":\"2026-09-03T10:24:09+00:00\",\"mainEntityOfPage\":{\"@id\":\"https:\\\/\\\/darkamazi.site\\\/archives\\\/1039239\"},\"wordCount\":577,\"publisher\":{\"@id\":\"https:\\\/\\\/darkamazi.site\\\/#organization\"},\"image\":{\"@id\":\"https:\\\/\\\/darkamazi.site\\\/archives\\\/1039239#primaryimage\"},\"thumbnailUrl\":\"https:\\\/\\\/darkamazi.site\\\/darka-content\\\/uploads\\\/2026\\\/09\\\/Fethi-Yildiz.jpg\",\"articleSection\":[\"Ortado\u011fu\"],\"inLanguage\":\"en-US\"},{\"@type\":\"WebPage\",\"@id\":\"https:\\\/\\\/darkamazi.site\\\/archives\\\/1039239\",\"url\":\"https:\\\/\\\/darkamazi.site\\\/archives\\\/1039239\",\"name\":\"Feti Y\u0131ld\u0131zdan \u00e7\u00f6z\u00fcm s\u00fcreci a\u00e7\u0131klamas\u0131: Hep birlikte T\u00fcrk milletiyiz - Darka Mazi\",\"isPartOf\":{\"@id\":\"https:\\\/\\\/darkamazi.site\\\/#website\"},\"primaryImageOfPage\":{\"@id\":\"https:\\\/\\\/darkamazi.site\\\/archives\\\/1039239#primaryimage\"},\"image\":{\"@id\":\"https:\\\/\\\/darkamazi.site\\\/archives\\\/1039239#primaryimage\"},\"thumbnailUrl\":\"https:\\\/\\\/darkamazi.site\\\/darka-content\\\/uploads\\\/2026\\\/09\\\/Fethi-Yildiz.jpg\",\"datePublished\":\"2026-09-03T10:19:04+00:00\",\"dateModified\":\"2026-09-03T10:24:09+00:00\",\"breadcrumb\":{\"@id\":\"https:\\\/\\\/darkamazi.site\\\/archives\\\/1039239#breadcrumb\"},\"inLanguage\":\"en-US\",\"potentialAction\":[{\"@type\":\"ReadAction\",\"target\":[\"https:\\\/\\\/darkamazi.site\\\/archives\\\/1039239\"]}]},{\"@type\":\"ImageObject\",\"inLanguage\":\"en-US\",\"@id\":\"https:\\\/\\\/darkamazi.site\\\/archives\\\/1039239#primaryimage\",\"url\":\"https:\\\/\\\/darkamazi.site\\\/darka-content\\\/uploads\\\/2026\\\/09\\\/Fethi-Yildiz.jpg\",\"contentUrl\":\"https:\\\/\\\/darkamazi.site\\\/darka-content\\\/uploads\\\/2026\\\/09\\\/Fethi-Yildiz.jpg\",\"width\":1280,\"height\":730,\"caption\":\"Feti Y\u0131ld\u0131zdan \u00e7\u00f6z\u00fcm s\u00fcreci a\u00e7\u0131klamas\u0131: Hep birlikte T\u00fcrk milletiyiz\"},{\"@type\":\"BreadcrumbList\",\"@id\":\"https:\\\/\\\/darkamazi.site\\\/archives\\\/1039239#breadcrumb\",\"itemListElement\":[{\"@type\":\"ListItem\",\"position\":1,\"name\":\"Home\",\"item\":\"https:\\\/\\\/darkamazi.site\\\/\"},{\"@type\":\"ListItem\",\"position\":2,\"name\":\"Feti Y\u0131ld\u0131zdan \u00e7\u00f6z\u00fcm s\u00fcreci a\u00e7\u0131klamas\u0131: Hep birlikte T\u00fcrk milletiyiz\"}]},{\"@type\":\"WebSite\",\"@id\":\"https:\\\/\\\/darkamazi.site\\\/#website\",\"url\":\"https:\\\/\\\/darkamazi.site\\\/\",\"name\":\"Darka Mazi\",\"description\":\"Ana Sayfa\",\"publisher\":{\"@id\":\"https:\\\/\\\/darkamazi.site\\\/#organization\"},\"potentialAction\":[{\"@type\":\"SearchAction\",\"target\":{\"@type\":\"EntryPoint\",\"urlTemplate\":\"https:\\\/\\\/darkamazi.site\\\/?s={search_term_string}\"},\"query-input\":{\"@type\":\"PropertyValueSpecification\",\"valueRequired\":true,\"valueName\":\"search_term_string\"}}],\"inLanguage\":\"en-US\"},{\"@type\":\"Organization\",\"@id\":\"https:\\\/\\\/darkamazi.site\\\/#organization\",\"name\":\"Darka Mazi T\u00fcrk\u00e7e\",\"alternateName\":\"Darka Mazi\",\"url\":\"https:\\\/\\\/darkamazi.site\\\/\",\"logo\":{\"@type\":\"ImageObject\",\"inLanguage\":\"en-US\",\"@id\":\"https:\\\/\\\/darkamazi.site\\\/#\\\/schema\\\/logo\\\/image\\\/\",\"url\":\"https:\\\/\\\/darkamazi.site\\\/darka-content\\\/uploads\\\/2017\\\/12\\\/darka-mazi-logo.png\",\"contentUrl\":\"https:\\\/\\\/darkamazi.site\\\/darka-content\\\/uploads\\\/2017\\\/12\\\/darka-mazi-logo.png\",\"width\":151,\"height\":75,\"caption\":\"Darka Mazi T\u00fcrk\u00e7e\"},\"image\":{\"@id\":\"https:\\\/\\\/darkamazi.site\\\/#\\\/schema\\\/logo\\\/image\\\/\"},\"sameAs\":[\"https:\\\/\\\/www.facebook.com\\\/DarkaMaziturkce\",\"https:\\\/\\\/x.com\\\/DarkaMaziTurkce\"]},{\"@type\":\"Person\",\"@id\":\"https:\\\/\\\/darkamazi.site\\\/#\\\/schema\\\/person\\\/67986a95ac546c16760365877ef4a9d3\",\"name\":\"darka mazi\",\"sameAs\":[\"https:\\\/\\\/darkamazi.site\"],\"url\":\"https:\\\/\\\/darkamazi.site\\\/archives\\\/author\\\/turkish\"}]}<\/script>\n<!-- \/ Yoast SEO plugin. -->","seo_head_json":{"title":"Feti Y\u0131ld\u0131zdan \u00e7\u00f6z\u00fcm s\u00fcreci a\u00e7\u0131klamas\u0131: Hep birlikte T\u00fcrk milletiyiz - Darka Mazi","robots":{"index":"index","follow":"follow","max-snippet":"max-snippet:-1","max-image-preview":"max-image-preview:large","max-video-preview":"max-video-preview:-1"},"canonical":"https:\/\/darkamazi.site\/archives\/1039239","og_locale":"en_US","og_type":"article","og_title":"Feti Y\u0131ld\u0131zdan \u00e7\u00f6z\u00fcm s\u00fcreci a\u00e7\u0131klamas\u0131: Hep birlikte T\u00fcrk milletiyiz - Darka Mazi","og_description":"MHP\u00a0Genel\u00a0Ba\u015fkan\u00a0Yard\u0131mc\u0131s\u0131\u00a0Feti\u00a0Y\u0131ld\u0131z,\u00a0PKK\u2019nin\u00a0tasiye\u00a0edilmesi\u00a0i\u00e7in\u00a0ba\u015flat\u0131lan\u00a0s\u00fcrecin\u00a0bir\u00a0&#8220;devlet\u00a0politikas\u0131&#8221;\u00a0oldu\u011fu\u00a0vurgulan\u0131rken,\u00a0bu\u00a0s\u00fcre\u00e7te\u00a0\u201ctoplumsal\u00a0karga\u015fa\u00a0yaratmak\u00a0isteyen\u00a0odaklara\u201d\u00a0kar\u015f\u0131\u00a0uyar\u0131da\u00a0bulundu. Feti\u00a0Y\u0131ld\u0131z\u00a0konuya\u00a0dair\u00a0X\u00a0hesab\u0131ndan\u00a0payla\u015f\u0131mda\u00a0bulundu. Y\u0131ld\u0131z\u00a0payla\u015f\u0131m\u0131nda,\u00a0T\u00fcrkiye\u2019nin\u00a0\u015fiddet\u00a0ortam\u0131ndan\u00a0kurtulma\u00a0f\u0131rsat\u0131n\u0131n\u00a0&#8220;ihanet\u00a0\u015febekelerini&#8221;\u00a0rahats\u0131z\u00a0etti\u011fini\u00a0s\u00f6yledi\u00a0ve\u00a0&#8220;Muhataplar\u0131\u00a0bilsin\u00a0ki\u00a0\u015fer\u00a0cephesinde\u00a0kurulmaya\u00a0\u00e7al\u0131\u015f\u0131lan\u00a0tuzaklar\u0131n\u00a0fark\u0131nday\u0131z.\u00a0Ter\u00f6rs\u00fcz\u00a0T\u00fcrkiye\u2019den\u00a0geriye\u00a0d\u00f6n\u00fc\u015f\u00a0olmayacakt\u0131r&#8221;\u00a0ifadelerini\u00a0kulland\u0131. Feti\u00a0Y\u0131ld\u0131z\u2019\u0131n\u00a0payla\u015f\u0131m\u0131\u00a0\u015f\u00f6yle: \u201cLiderimiz\u00a0Say\u0131n\u00a0Devlet\u00a0Bah\u00e7eli, \u201cDezenformasyonla\u00a0ve\u00a0alg\u0131\u00a0operasyonlar\u0131yla\u00a0T\u00fcrk\u00a0milletinin\u00a0kutlu\u00a0y\u00fcr\u00fcy\u00fc\u015f\u00fcn\u00fc\u00a0durdurmaya,\u00a0toplumsal\u00a0m\u00fchendislik\u00a0hesaplar\u0131yla\u00a0T\u00fcrkiye&#8217;yi\u00a0karga\u015fa\u00a0ve\u00a0kaos\u00a0iklimine\u00a0sokmaya,\u00a0\u00fclkemizin\u00a0rotas\u0131n\u0131\u00a0de\u011fi\u015ftirmeye\u00a0kimsenin\u00a0g\u00fcc\u00fc\u00a0yetmeyecektir. Ter\u00f6rs\u00fcz\u00a0T\u00fcrkiye\u2019den\u00a0geriye\u00a0d\u00f6n\u00fc\u015f\u00a0olmayacakt\u0131r. Muhataplar\u0131\u00a0bilsin\u00a0ki\u00a0\u015fer\u00a0cephesinde\u00a0kurulmaya\u00a0\u00e7al\u0131\u015f\u0131lan\u00a0tuzaklar\u0131n\u00a0fark\u0131nday\u0131z. T\u00fcrkiye\u2019nin\u00a0yakla\u015f\u0131k\u00a0elli\u00a0y\u0131ld\u0131r\u00a0m\u00fccadele\u00a0etti\u011fi,\u00a0bir\u00e7ok\u00a0insan\u0131m\u0131z\u0131n\u00a0can\u0131na\u00a0ve\u00a0mal\u0131na\u00a0sebep\u00a0olan\u00a0ter\u00f6rden\u00a0ilelebet\u00a0kurtulma\u00a0f\u0131rsat\u0131\u00a0ihanet\u00a0\u015febekelerini\u00a0rahats\u0131z\u00a0etmektedir. Karde\u015fli\u011fimizin\u00a0g\u00fc\u00e7lendirilmesi,\u00a0demokrasinin\u00a0geli\u015fmesi\u00a0ve\u00a0\u00fclkemizin\u00a0y\u00fckseli\u015finin\u00a0\u00f6n\u00fcndeki\u00a0engellerin\u00a0kald\u0131r\u0131lmas\u0131\u00a0T\u00fcrkiye\u00a0has\u0131mlar\u0131n\u0131n\u00a0uykular\u0131n\u0131\u00a0ka\u00e7\u0131rmaktad\u0131r. Ter\u00f6r,\u00a0\u015fiddet\u00a0ve\u00a0b\u00f6l\u00fcc\u00fcl\u00fc\u011f\u00fcn\u00a0zihinlerden\u00a0de\u00a0silinmesinden,\u00a0birlik\u00a0ve\u00a0beraberli\u011fin\u00a0k\u00f6k\u00a0salmas\u0131ndan\u00a0rahats\u0131z\u00a0olanlar\u00a0s\u00f6zde\u00a0ara\u015ft\u0131rmalar\u00a0\u00fczerinden\u00a0toplumu\u00a0enfekte\u00a0etmeye\u00a0\u00e7al\u0131\u015fsa\u00a0da\u00a0milletimizin\u00a0feraseti\u00a0kirli\u00a0oyunlar\u0131\u00a0bozacak\u00a0g\u00fc\u00e7tedir. Ter\u00f6r\u00fcn\u00a0tamamen\u00a0tasfiye\u00a0edildi\u011fi\u00a0bir\u00a0T\u00fcrkiye\u00a0\u00f6ng\u00f6r\u00fclebilirli\u011fi\u00a0ve\u00a0yat\u0131r\u0131mc\u0131\u00a0g\u00fcvenini\u00a0art\u0131racak,\u00a0\u00fcretim\u00a0kapasitesini\u00a0g\u00fc\u00e7lendirecek\u00a0ve\u00a0b\u00f6lgesel\u00a0ticaret\u00a0a\u011flar\u0131n\u0131n\u00a0merkezinde\u00a0vatanda\u015flar\u0131m\u0131z\u0131n\u00a0refah\u0131n\u0131\u00a0art\u0131racakt\u0131r. T\u00fcrkiye\u2019nin\u00a0ter\u00f6r\u00a0meselesini;\u00a0i\u00e7\u00a0cephesini\u00a0kuvvetlendirmi\u015f,\u00a0milli\u00a0birli\u011fini,\u00a0siyasi\u00a0ve\u00a0ekonomik\u00a0istikrar\u0131n\u0131\u00a0sa\u011flam\u0131\u015f\u00a0olarak,\u00a0milli\u00a0iradesi\u00a0i\u00e7inde\u00a0\u00e7\u00f6z\u00fcme\u00a0kavu\u015fturmas\u0131,\u00a0temel\u00a0arzumuz\u00a0ve\u00a0hedefimizdir. O\u00a0sebeple\u00a0gerginlik\u00a0ve\u00a0kutupla\u015fmalara,\u00a0toplumsal\u00a0olaylara\u00a0sebebiyet\u00a0verebilecek\u00a0giri\u015fimlerden\u00a0ka\u00e7\u0131n\u0131lmas\u0131n\u0131\u00a0hayati\u00a0\u00f6nemde\u00a0g\u00f6r\u00fcyoruz. Emperyalizmin\u00a0etnik,\u00a0dini,\u00a0mezhep\u00a0temelli\u00a0ayr\u0131\u015ft\u0131r\u0131c\u0131l\u0131k\u00a0ve\u00a0kaosu\u00a0s\u00fcreklile\u015ftirerek\u00a0siyasi,\u00a0sosyal\u00a0ve\u00a0ekonomik\u00a0istikrars\u0131zl\u0131k\u00a0\u00fcretme\u00a0\u00e7abas\u0131\u00a0bilinmektedir. Ter\u00f6rs\u00fcz\u00a0T\u00fcrkiye,\u00a0b\u00f6lgemizdeki\u00a0benzer\u00a0tahriklere\u00a0ve\u00a0\u00e7at\u0131\u015fmalara\u00a0kar\u015f\u0131\u00a0da\u00a0b\u00f6lgesel\u00a0istikrar\u00a0ve\u00a0bar\u0131\u015f\u0131\u00a0hedeflemektedir. Milletimiz\u00a0ter\u00f6rs\u00fcz\u00a0T\u00fcrkiye\u2019nin\u00a0yan\u0131nda\u00a0duruyor\u00a0ve\u00a0ter\u00f6r\u00fcn\u00a0b\u00fct\u00fcn\u00a0unsurlar\u0131yla\u00a0g\u00fcndemimizden\u00a0\u00e7\u0131kmas\u0131n\u0131\u00a0istiyor. Ter\u00f6r\u00fcn\u00a0zehirli\u00a0havas\u0131n\u0131n\u00a0siyasi\u00a0iklimimizden\u00a0temizlenmesini,\u00a0ayr\u0131k\u00a0otlar\u0131n\u0131n\u00a0g\u00fcven\u00a0ve\u00a0huzur\u00a0topra\u011f\u0131m\u0131zdan\u00a0s\u00f6k\u00fcl\u00fcp\u00a0at\u0131lmas\u0131n\u0131\u00a0diliyor. Demokrasi,\u00a0hukuk\u00a0devleti,\u00a0refah\u00a0ve\u00a0g\u00fcven\u00a0ikliminin\u00a0peki\u015ferek\u00a0hi\u00e7bir\u00a0ayr\u0131m\u00a0g\u00f6zetmeksizin\u00a0t\u00fcm\u00a0vatanda\u015flar\u0131m\u0131z\u0131\u00a0ku\u015fatmas\u0131n\u0131\u00a0ve\u00a0kucaklamas\u0131n\u0131\u00a0arzu\u00a0ediyor. \u0130nan\u0131yoruz\u00a0ki\u00a0millet\u00e7e\u00a0provokasyonlara\u00a0gelmeyecek,\u00a0bir\u00a0devlet\u00a0politikas\u0131\u00a0olan\u00a0ter\u00f6rs\u00fcz\u00a0T\u00fcrkiye\u00a0hedefi,\u00a0T\u00fcrk\u00a0siyasetinin\u00a0ba\u015far\u0131s\u0131,\u00a0in\u015fallah\u00a0da\u00a0topyek\u00fcn\u00a0milletimizin\u00a0eseri\u00a0olacakt\u0131r. Hep\u00a0birlikte\u00a0T\u00fcrk\u00a0milletiyiz,\u00a0hepimiz\u00a0T\u00fcrkiye\u00a0Cumhuriyeti\u2019yiz.\u201d","og_url":"https:\/\/darkamazi.site\/archives\/1039239","og_site_name":"Darka Mazi","article_publisher":"https:\/\/www.facebook.com\/DarkaMaziturkce","article_published_time":"2026-09-03T10:19:04+00:00","article_modified_time":"2026-09-03T10:24:09+00:00","og_image":[{"width":1280,"height":730,"url":"https:\/\/darkamazi.site\/file\/2026\/09\/Fethi-Yildiz.jpg","type":"image\/jpeg"}],"author":"darka mazi","twitter_card":"summary_large_image","twitter_creator":"@DarkaMaziTurkce","twitter_site":"@DarkaMaziTurkce","twitter_misc":{"Written by":"darka mazi","Est. reading time":"2 minutes"},"schema":{"@context":"https:\/\/schema.org","@graph":[{"@type":"NewsArticle","@id":"https:\/\/darkamazi.site\/archives\/1039239#article","isPartOf":{"@id":"https:\/\/darkamazi.site\/archives\/1039239"},"author":{"name":"darka mazi","@id":"https:\/\/darkamazi.site\/#\/schema\/person\/67986a95ac546c16760365877ef4a9d3"},"headline":"Feti Y\u0131ld\u0131zdan \u00e7\u00f6z\u00fcm s\u00fcreci a\u00e7\u0131klamas\u0131: Hep birlikte T\u00fcrk milletiyiz","datePublished":"2026-09-03T10:19:04+00:00","dateModified":"2026-09-03T10:24:09+00:00","mainEntityOfPage":{"@id":"https:\/\/darkamazi.site\/archives\/1039239"},"wordCount":577,"publisher":{"@id":"https:\/\/darkamazi.site\/#organization"},"image":{"@id":"https:\/\/darkamazi.site\/archives\/1039239#primaryimage"},"thumbnailUrl":"https:\/\/darkamazi.site\/file\/2026\/09\/Fethi-Yildiz.jpg","articleSection":["Ortado\u011fu"],"inLanguage":"en-US"},{"@type":"WebPage","@id":"https:\/\/darkamazi.site\/archives\/1039239","url":"https:\/\/darkamazi.site\/archives\/1039239","name":"Feti Y\u0131ld\u0131zdan \u00e7\u00f6z\u00fcm s\u00fcreci a\u00e7\u0131klamas\u0131: Hep birlikte T\u00fcrk milletiyiz - Darka Mazi","isPartOf":{"@id":"https:\/\/darkamazi.site\/#website"},"primaryImageOfPage":{"@id":"https:\/\/darkamazi.site\/archives\/1039239#primaryimage"},"image":{"@id":"https:\/\/darkamazi.site\/archives\/1039239#primaryimage"},"thumbnailUrl":"https:\/\/darkamazi.site\/file\/2026\/09\/Fethi-Yildiz.jpg","datePublished":"2026-09-03T10:19:04+00:00","dateModified":"2026-09-03T10:24:09+00:00","breadcrumb":{"@id":"https:\/\/darkamazi.site\/archives\/1039239#breadcrumb"},"inLanguage":"en-US","potentialAction":[{"@type":"ReadAction","target":["https:\/\/darkamazi.site\/archives\/1039239"]}]},{"@type":"ImageObject","inLanguage":"en-US","@id":"https:\/\/darkamazi.site\/archives\/1039239#primaryimage","url":"https:\/\/darkamazi.site\/file\/2026\/09\/Fethi-Yildiz.jpg","contentUrl":"https:\/\/darkamazi.site\/file\/2026\/09\/Fethi-Yildiz.jpg","width":1280,"height":730,"caption":"Feti Y\u0131ld\u0131zdan \u00e7\u00f6z\u00fcm s\u00fcreci a\u00e7\u0131klamas\u0131: Hep birlikte T\u00fcrk milletiyiz"},{"@type":"BreadcrumbList","@id":"https:\/\/darkamazi.site\/archives\/1039239#breadcrumb","itemListElement":[{"@type":"ListItem","position":1,"name":"Home","item":"https:\/\/darkamazi.site\/"},{"@type":"ListItem","position":2,"name":"Feti Y\u0131ld\u0131zdan \u00e7\u00f6z\u00fcm s\u00fcreci a\u00e7\u0131klamas\u0131: Hep birlikte T\u00fcrk milletiyiz"}]},{"@type":"WebSite","@id":"https:\/\/darkamazi.site\/#website","url":"https:\/\/darkamazi.site\/","name":"Darka Mazi","description":"Ana Sayfa","publisher":{"@id":"https:\/\/darkamazi.site\/#organization"},"potentialAction":[{"@type":"SearchAction","target":{"@type":"EntryPoint","urlTemplate":"https:\/\/darkamazi.site\/?s={search_term_string}"},"query-input":{"@type":"PropertyValueSpecification","valueRequired":true,"valueName":"search_term_string"}}],"inLanguage":"en-US"},{"@type":"Organization","@id":"https:\/\/darkamazi.site\/#organization","name":"Darka Mazi T\u00fcrk\u00e7e","alternateName":"Darka Mazi","url":"https:\/\/darkamazi.site\/","logo":{"@type":"ImageObject","inLanguage":"en-US","@id":"https:\/\/darkamazi.site\/#\/schema\/logo\/image\/","url":"https:\/\/darkamazi.site\/file\/2017\/12\/darka-mazi-logo.png","contentUrl":"https:\/\/darkamazi.site\/file\/2017\/12\/darka-mazi-logo.png","width":151,"height":75,"caption":"Darka Mazi T\u00fcrk\u00e7e"},"image":{"@id":"https:\/\/darkamazi.site\/#\/schema\/logo\/image\/"},"sameAs":["https:\/\/www.facebook.com\/DarkaMaziturkce","https:\/\/x.com\/DarkaMaziTurkce"]},{"@type":"Person","@id":"https:\/\/darkamazi.site\/#\/schema\/person\/67986a95ac546c16760365877ef4a9d3","name":"darka mazi","sameAs":["https:\/\/darkamazi.site"],"url":"https:\/\/darkamazi.site\/archives\/author\/turkish"}]}},"_links":{"self":[{"href":"https:\/\/darkamazi.site\/funavuv\/wp\/v2\/posts\/1039239","targetHints":{"allow":["GET"]}}],"collection":[{"href":"https:\/\/darkamazi.site\/funavuv\/wp\/v2\/posts"}],"about":[{"href":"https:\/\/darkamazi.site\/funavuv\/wp\/v2\/types\/post"}],"author":[{"embeddable":true,"href":"https:\/\/darkamazi.site\/funavuv\/wp\/v2\/users\/2"}],"replies":[{"embeddable":true,"href":"https:\/\/darkamazi.site\/funavuv\/wp\/v2\/comments?post=1039239"}],"version-history":[{"count":1,"href":"https:\/\/darkamazi.site\/funavuv\/wp\/v2\/posts\/1039239\/revisions"}],"predecessor-version":[{"id":1039241,"href":"https:\/\/darkamazi.site\/funavuv\/wp\/v2\/posts\/1039239\/revisions\/1039241"}],"wp:featuredmedia":[{"embeddable":true,"href":"https:\/\/darkamazi.site\/funavuv\/wp\/v2\/media\/1039240"}],"wp:attachment":[{"href":"https:\/\/darkamazi.site\/funavuv\/wp\/v2\/media?parent=1039239"}],"wp:term":[{"taxonomy":"category","embeddable":true,"href":"https:\/\/darkamazi.site\/funavuv\/wp\/v2\/categories?post=1039239"},{"taxonomy":"post_tag","embeddable":true,"href":"https:\/\/darkamazi.site\/funavuv\/wp\/v2\/tags?post=1039239"}],"curies":[{"name":"wp","href":"https:\/\/api.w.org\/{rel}","templated":true}]}}