{"id":1039245,"date":"2026-09-04T17:07:32","date_gmt":"2026-09-04T14:07:32","guid":{"rendered":"https:\/\/darkamazi.site\/?p=1039245"},"modified":"2026-09-04T17:07:32","modified_gmt":"2026-09-04T14:07:32","slug":"cemil-bayik-imraliya-gitti-pkkde-yeni-donem-ve-dengeler","status":"publish","type":"post","link":"https:\/\/darkamazi.site\/archives\/1039245","title":{"rendered":"Cemil Bay\u0131k \u0130mral\u0131\u2019ya Gitti: PKK\u2019de Yeni D\u00f6nem ve Dengeler"},"content":{"rendered":"<p style=\"text-align: justify;\">PKK y\u00f6neticilerinden Cemil Bay\u0131k\u2019\u0131n \u0130mral\u0131\u2019ya giderek Abdullah \u00d6calan ile g\u00f6r\u00fc\u015ft\u00fc\u011f\u00fc bildirildi. Darka Mazi\u2019nin g\u00fcvenlik kaynaklar\u0131na dayand\u0131rd\u0131\u011f\u0131 ve YNK kaynaklar\u0131nca da teyit edilen bilgilere g\u00f6re, KCK E\u015f Ba\u015fkan\u0131 ve PKK\u2019nin kurucu \u00fcyelerinden Cemil Bay\u0131k, A\u011fustos ay\u0131n\u0131n ilk haftas\u0131nda S\u00fcleymaniye Havaliman\u0131\u2019ndan kalkan bir u\u00e7akla T\u00fcrkiye\u2019ye ge\u00e7ti. Yan\u0131ndaki iki ki\u015fiyle birlikte \u0130mral\u0131\u2019da iki g\u00fcn kalan Bay\u0131k\u2019\u0131n bu ziyaretiyle, birka\u00e7 isim d\u0131\u015f\u0131nda \u00f6rg\u00fct\u00fcn t\u00fcm \u00fcst d\u00fczey kadrosu \u00d6calan ile temas kurmu\u015f oldu.<\/p>\n<p style=\"text-align: justify;\"><strong>\u0130mral\u0131\u2019daki Trafi\u011fin Kronolojisi<\/strong><\/p>\n<p style=\"text-align: justify;\">Elimizdeki bilgilere g\u00f6re Abdullah \u00d6calan, 27 \u015eubat\u2019taki fesih \u00e7a\u011fr\u0131s\u0131n\u0131n ard\u0131ndan PKK y\u00f6neticileriyle iki kez g\u00f6r\u00fcnt\u00fcl\u00fc g\u00f6r\u00fc\u015fme ger\u00e7ekle\u015ftirdi. Bunun yan\u0131 s\u0131ra \u00fcst d\u00fczey kadrolar\u0131n adaya gidi\u015f trafi\u011fi de h\u0131z kazand\u0131:<\/p>\n<p style=\"text-align: justify;\"><strong>Haziran 2025:<\/strong> Sabri Ok ve Bese Hozat \u0130mral\u0131\u2019ya gitti.<\/p>\n<p style=\"text-align: justify;\"><strong>\u015eubat 2025:<\/strong> Duran Kalkan, Helin T\u00fcrk, Raperin Dersim ve Bi\u015far Qoser iki g\u00fcn boyunca \u00d6calan\u2019\u0131n yan\u0131nda kald\u0131. Bu ziyaretin ard\u0131ndan Mazlum Abdi ve \u0130lham Ahmet de \u0130mral\u0131\u2019da temaslarda bulundu.<\/p>\n<p style=\"text-align: justify;\"><strong>Temmuz 2026<\/strong>: Duran Kalkan, yan\u0131ndaki iki kad\u0131n ve iki erkek y\u00f6neticiyle birlikte ikinci kez \u0130mral\u0131\u2019ya gitti.<\/p>\n<p style=\"text-align: justify;\"><strong>Di\u011fer \u0130simlerin Durumu:<\/strong> Mustafa Karasu\u2019nun Rojava \u00fczerinden gitti\u011fi iddia edilse de bu bilgi hen\u00fcz teyit edilemedi. Ancak Karasu\u2019nun kalp ve vertigo rahats\u0131zl\u0131klar\u0131 nedeniyle u\u00e7a\u011fa binemedi\u011fi, sa\u011fl\u0131k sorunlar\u0131 \u00e7\u00f6z\u00fcld\u00fc\u011f\u00fcnde gidece\u011fi belirtiliyor. Murat Karay\u0131lan i\u00e7in ise devletin &#8220;kamuoyuna yans\u0131rsa sorun olur&#8221; gerek\u00e7esiyle \u015fimdilik veto koydu\u011fu; \u00d6calan\u2019\u0131n da &#8220;Benim \u00e7izgimin d\u0131\u015f\u0131na \u00e7\u0131kamaz&#8221; diyerek Karay\u0131lan\u2019\u0131 \u00e7a\u011f\u0131rmad\u0131\u011f\u0131 ifade ediliyor.<\/p>\n<p style=\"text-align: justify;\">\u00d6te yandan PKK\/PAJK b\u00fcnyesindeki kad\u0131n y\u00f6neticiler aras\u0131nda \u0130mral\u0131\u2019ya gidi\u015f konusunda ciddi bir rekabet ya\u015fand\u0131\u011f\u0131 ve Helin T\u00fcrk\u2019\u00fcn \u00f6ne \u00e7\u0131kar\u0131lmas\u0131na tepki g\u00f6sterildi\u011fi de gelen bilgiler aras\u0131nda.<\/p>\n<p style=\"text-align: justify;\"><strong>Bay\u0131k\u2019\u0131n Ziyareti Neden Kritik?<\/strong><\/p>\n<p style=\"text-align: justify;\">Cemil Bay\u0131k\u2019\u0131n gidi\u015fi, s\u00fcre\u00e7 a\u00e7\u0131s\u0131ndan k\u0131r\u0131lma noktas\u0131 niteli\u011finde. Bay\u0131k, Aral\u0131k 2025\u2019te \u0130mral\u0131\u2019ya gitmeyi reddetmi\u015f ve sa\u011fl\u0131k sorunlar\u0131n\u0131 gerek\u00e7e g\u00f6stererek \u00e7al\u0131\u015fma d\u0131\u015f\u0131 kalmay\u0131 se\u00e7mi\u015fti. \u00d6calan\u2019\u0131n &#8220;Yan\u0131ma gelsin, burada tedavi olsun&#8221; \u00e7a\u011fr\u0131s\u0131n\u0131 ise sert bir tutumla geri \u00e7evirmi\u015fti. Bay\u0131k \u201cBa\u015fkan \u00e7\u0131ld\u0131rm\u0131\u015f\u201d diyerek hastal\u0131k gerek\u00e7esi ile \u00e7al\u0131\u015fmalardan t\u00fcmden \u00e7ekilmi\u015fti.<\/p>\n<p style=\"text-align: justify;\">Ancak \u00d6calan\u2019\u0131n Temmuz ay\u0131nda Duran Kalkan \u00fczerinden iletti\u011fi \u00fcltimatom ve T\u00fcrk devletinin Bay\u0131k\u2019\u0131n s\u00fcre\u00e7 d\u0131\u015f\u0131 kalmas\u0131ndan duydu\u011fu rahats\u0131zl\u0131k dengeleri de\u011fi\u015ftirdi. PKK i\u00e7inde \u00d6calan\u2019a ra\u011fmen alternatif bir hat kurabilecek tek isim olan, \u00f6zellikle \u0130ran ile ili\u015fkileriyle bilinen Bay\u0131k\u2019\u0131n \u0130mral\u0131\u2019ya gitmesi, \u00d6calan\u2019\u0131n \u00f6rg\u00fct \u00fczerindeki otoritesini tam anlam\u0131yla peki\u015ftirmesi anlam\u0131na geliyor. Bay\u0131k\u2019\u0131n, reddetmesi durumunda fiziki olarak tasfiye edilece\u011fini \u00f6ng\u00f6rerek bu ziyareti kabul etti\u011fi de\u011ferlendiriliyor.<\/p>\n<p style=\"text-align: justify;\"><strong>Devletin Stratejisi ve \u00d6n\u00fcm\u00fczdeki D\u00f6nem<\/strong><\/p>\n<p style=\"text-align: justify;\">Feshedilen PKK\u2019nin y\u00f6neticileriyle yap\u0131lan bu g\u00f6r\u00fc\u015fmeler ne devlet ne de \u00f6rg\u00fct taraf\u0131ndan resmi olarak \u00fcstlenildi. T\u00fcrk taraf\u0131 s\u00fcrecin gizlili\u011fi konusunda \u0131srarc\u0131yken, PKK taraf\u0131 kendi taban\u0131n\u0131 konsolide etmek amac\u0131yla bilgileri bas\u0131na s\u0131zd\u0131r\u0131yor.<\/p>\n<p style=\"text-align: justify;\">PKK y\u00f6neticilerinin \u0130mral\u0131\u2019ya kademeli ve par\u00e7a par\u00e7a ta\u015f\u0131nmas\u0131, T\u00fcrk devletinin kamuoyuna y\u00f6nelik kulland\u0131\u011f\u0131 \u201cSadece 800 ki\u015fi \u00e7\u0131kan yasadan yararlanacak, \u00fcst d\u00fczey isimler gelemeyecek\u201d y\u00f6n\u00fcndeki s\u00f6yleminin yaln\u0131zca bir propagandadan ibaret oldu\u011funu g\u00f6zler \u00f6n\u00fcne seriyor. Nitekim \u00f6rg\u00fct\u00fcn \u00f6nde gelen isimlerinden Mustafa Karasu da 2 Eyl\u00fcl 2026 tarihinde yapt\u0131\u011f\u0131 a\u00e7\u0131klamada, \u201cT\u00fcrkiye\u2019ye gitmek ve demokratik siyaset yapmak istiyoruz\u201d diyerek bu y\u00f6nelimi a\u00e7\u0131k\u00e7a teyit etmi\u015fti.<\/p>\n<p style=\"text-align: justify;\">Bu tablo, Ankara\u2019n\u0131n ilk a\u015famada \u00f6rg\u00fct\u00fcn temel sava\u015f\u00e7\u0131 g\u00fcc\u00fcn\u00fc tamamen diskalifiye etmeyi, \u00fcst d\u00fczey y\u00f6neticilerin etraf\u0131nda ise son derece s\u0131n\u0131rl\u0131 ve kontrol edilebilir bir kitle b\u0131rakmay\u0131 hedefledi\u011fini g\u00f6steriyor. Kulislerde tart\u0131\u015f\u0131lan ana konulardan biri de tam olarak bu: Ba\u015fta \u0130ran olmak \u00fczere Ortado\u011fu genelinde geli\u015fecek yeni b\u00f6lgesel dengelere g\u00f6re, geriye kalan bu y\u00f6neticilerin ve \u00f6rg\u00fctsel yap\u0131n\u0131n nihai durumunun netle\u015fece\u011fi belirtiliyor.<\/p>\n<p style=\"text-align: justify;\">Devletin y\u00f6neticileri s\u0131rayla \u0130mral\u0131\u2019ya g\u00f6t\u00fcrme takti\u011fi, \u00f6n\u00fcm\u00fczdeki d\u00f6nemde \u00d6calan\u2019\u0131n PKK y\u00f6neticilerini tamamen kendi kontrol\u00fc alt\u0131nda tutma amac\u0131yla da tam bir uyum sergiliyor. Nitekim \u00f6rg\u00fct i\u00e7indeki kaynaklar, hem \u0130mral\u0131 heyetlerinin hem de feshedilen PKK\u2019nin temel kadrolar\u0131n\u0131n \u00f6n\u00fcm\u00fczdeki s\u00fcre\u00e7te \u0130mral\u0131 ziyaretlerini daha da art\u0131raca\u011f\u0131n\u0131 dile getiriyor.<\/p>\n","protected":false},"excerpt":{"rendered":"<p>PKK y\u00f6neticilerinden Cemil Bay\u0131k\u2019\u0131n \u0130mral\u0131\u2019ya giderek Abdullah \u00d6calan ile g\u00f6r\u00fc\u015ft\u00fc\u011f\u00fc bildirildi. Darka Mazi\u2019nin g\u00fcvenlik kaynaklar\u0131na dayand\u0131rd\u0131\u011f\u0131 ve YNK kaynaklar\u0131nca da teyit edilen bilgilere g\u00f6re, KCK E\u015f Ba\u015fkan\u0131 ve PKK\u2019nin kurucu \u00fcyelerinden Cemil Bay\u0131k, A\u011fustos ay\u0131n\u0131n ilk haftas\u0131nda S\u00fcleymaniye Havaliman\u0131\u2019ndan kalkan bir u\u00e7akla T\u00fcrkiye\u2019ye ge\u00e7ti. Yan\u0131ndaki iki ki\u015fiyle birlikte \u0130mral\u0131\u2019da iki g\u00fcn kalan Bay\u0131k\u2019\u0131n bu ziyaretiyle, [&hellip;]<\/p>\n","protected":false},"author":2,"featured_media":1039246,"comment_status":"closed","ping_status":"closed","sticky":false,"template":"","format":"standard","meta":{"footnotes":""},"categories":[3],"tags":[31],"class_list":["post-1039245","post","type-post","status-publish","format-standard","has-post-thumbnail","hentry","category-kurdistan","tag-onemli"],"blocksy_meta":{"styles_descriptor":{"styles":{"desktop":"","tablet":"","mobile":""},"google_fonts":[],"version":7}},"seo_head":"<!-- This site is optimized with the Yoast SEO plugin v28.4 - https:\/\/yoast.com\/product\/yoast-seo-wordpress\/ -->\n<title>Cemil Bay\u0131k \u0130mral\u0131\u2019ya Gitti: PKK\u2019de Yeni D\u00f6nem ve Dengeler - Darka Mazi<\/title>\n<meta name=\"robots\" content=\"index, follow, max-snippet:-1, max-image-preview:large, max-video-preview:-1\" \/>\n<link rel=\"canonical\" href=\"https:\/\/darkamazi.site\/archives\/1039245\" \/>\n<meta property=\"og:locale\" content=\"en_US\" \/>\n<meta property=\"og:type\" content=\"article\" \/>\n<meta property=\"og:title\" content=\"Cemil Bay\u0131k \u0130mral\u0131\u2019ya Gitti: PKK\u2019de Yeni D\u00f6nem ve Dengeler - Darka Mazi\" \/>\n<meta property=\"og:description\" content=\"PKK y\u00f6neticilerinden Cemil Bay\u0131k\u2019\u0131n \u0130mral\u0131\u2019ya giderek Abdullah \u00d6calan ile g\u00f6r\u00fc\u015ft\u00fc\u011f\u00fc bildirildi. Darka Mazi\u2019nin g\u00fcvenlik kaynaklar\u0131na dayand\u0131rd\u0131\u011f\u0131 ve YNK kaynaklar\u0131nca da teyit edilen bilgilere g\u00f6re, KCK E\u015f Ba\u015fkan\u0131 ve PKK\u2019nin kurucu \u00fcyelerinden Cemil Bay\u0131k, A\u011fustos ay\u0131n\u0131n ilk haftas\u0131nda S\u00fcleymaniye Havaliman\u0131\u2019ndan kalkan bir u\u00e7akla T\u00fcrkiye\u2019ye ge\u00e7ti. Yan\u0131ndaki iki ki\u015fiyle birlikte \u0130mral\u0131\u2019da iki g\u00fcn kalan Bay\u0131k\u2019\u0131n bu ziyaretiyle, [&hellip;]\" \/>\n<meta property=\"og:url\" content=\"https:\/\/darkamazi.site\/archives\/1039245\" \/>\n<meta property=\"og:site_name\" content=\"Darka Mazi\" \/>\n<meta property=\"article:publisher\" content=\"https:\/\/www.facebook.com\/DarkaMaziturkce\" \/>\n<meta property=\"article:published_time\" content=\"2026-09-04T14:07:32+00:00\" \/>\n<meta property=\"og:image\" content=\"https:\/\/darkamazi.site\/file\/2026\/09\/baik-ocalan.jpg\" \/>\n\t<meta property=\"og:image:width\" content=\"900\" \/>\n\t<meta property=\"og:image:height\" content=\"497\" \/>\n\t<meta property=\"og:image:type\" content=\"image\/jpeg\" \/>\n<meta name=\"author\" content=\"darka mazi\" \/>\n<meta name=\"twitter:card\" content=\"summary_large_image\" \/>\n<meta name=\"twitter:creator\" content=\"@DarkaMaziTurkce\" \/>\n<meta name=\"twitter:site\" content=\"@DarkaMaziTurkce\" \/>\n<meta name=\"twitter:label1\" content=\"Written by\" \/>\n\t<meta name=\"twitter:data1\" content=\"darka mazi\" \/>\n\t<meta name=\"twitter:label2\" content=\"Est. reading time\" \/>\n\t<meta name=\"twitter:data2\" content=\"3 minutes\" \/>\n<script type=\"application\/ld+json\" class=\"seo-schema-graph\">{\"@context\":\"https:\\\/\\\/schema.org\",\"@graph\":[{\"@type\":\"NewsArticle\",\"@id\":\"https:\\\/\\\/darkamazi.site\\\/archives\\\/1039245#article\",\"isPartOf\":{\"@id\":\"https:\\\/\\\/darkamazi.site\\\/archives\\\/1039245\"},\"author\":{\"name\":\"darka mazi\",\"@id\":\"https:\\\/\\\/darkamazi.site\\\/#\\\/schema\\\/person\\\/67986a95ac546c16760365877ef4a9d3\"},\"headline\":\"Cemil Bay\u0131k \u0130mral\u0131\u2019ya Gitti: PKK\u2019de Yeni D\u00f6nem ve Dengeler\",\"datePublished\":\"2026-09-04T14:07:32+00:00\",\"mainEntityOfPage\":{\"@id\":\"https:\\\/\\\/darkamazi.site\\\/archives\\\/1039245\"},\"wordCount\":821,\"publisher\":{\"@id\":\"https:\\\/\\\/darkamazi.site\\\/#organization\"},\"image\":{\"@id\":\"https:\\\/\\\/darkamazi.site\\\/archives\\\/1039245#primaryimage\"},\"thumbnailUrl\":\"https:\\\/\\\/darkamazi.site\\\/darka-content\\\/uploads\\\/2026\\\/09\\\/baik-ocalan.jpg\",\"keywords\":[\"\u00f6nemli\"],\"articleSection\":[\"Kurdistan\"],\"inLanguage\":\"en-US\"},{\"@type\":\"WebPage\",\"@id\":\"https:\\\/\\\/darkamazi.site\\\/archives\\\/1039245\",\"url\":\"https:\\\/\\\/darkamazi.site\\\/archives\\\/1039245\",\"name\":\"Cemil Bay\u0131k \u0130mral\u0131\u2019ya Gitti: PKK\u2019de Yeni D\u00f6nem ve Dengeler - Darka Mazi\",\"isPartOf\":{\"@id\":\"https:\\\/\\\/darkamazi.site\\\/#website\"},\"primaryImageOfPage\":{\"@id\":\"https:\\\/\\\/darkamazi.site\\\/archives\\\/1039245#primaryimage\"},\"image\":{\"@id\":\"https:\\\/\\\/darkamazi.site\\\/archives\\\/1039245#primaryimage\"},\"thumbnailUrl\":\"https:\\\/\\\/darkamazi.site\\\/darka-content\\\/uploads\\\/2026\\\/09\\\/baik-ocalan.jpg\",\"datePublished\":\"2026-09-04T14:07:32+00:00\",\"breadcrumb\":{\"@id\":\"https:\\\/\\\/darkamazi.site\\\/archives\\\/1039245#breadcrumb\"},\"inLanguage\":\"en-US\",\"potentialAction\":[{\"@type\":\"ReadAction\",\"target\":[\"https:\\\/\\\/darkamazi.site\\\/archives\\\/1039245\"]}]},{\"@type\":\"ImageObject\",\"inLanguage\":\"en-US\",\"@id\":\"https:\\\/\\\/darkamazi.site\\\/archives\\\/1039245#primaryimage\",\"url\":\"https:\\\/\\\/darkamazi.site\\\/darka-content\\\/uploads\\\/2026\\\/09\\\/baik-ocalan.jpg\",\"contentUrl\":\"https:\\\/\\\/darkamazi.site\\\/darka-content\\\/uploads\\\/2026\\\/09\\\/baik-ocalan.jpg\",\"width\":900,\"height\":497,\"caption\":\"Cemil Bay\u0131k \u0130mral\u0131\u2019ya Gitti: PKK\u2019de Yeni D\u00f6nem ve Dengeler\"},{\"@type\":\"BreadcrumbList\",\"@id\":\"https:\\\/\\\/darkamazi.site\\\/archives\\\/1039245#breadcrumb\",\"itemListElement\":[{\"@type\":\"ListItem\",\"position\":1,\"name\":\"Home\",\"item\":\"https:\\\/\\\/darkamazi.site\\\/\"},{\"@type\":\"ListItem\",\"position\":2,\"name\":\"Cemil Bay\u0131k \u0130mral\u0131\u2019ya Gitti: PKK\u2019de Yeni D\u00f6nem ve Dengeler\"}]},{\"@type\":\"WebSite\",\"@id\":\"https:\\\/\\\/darkamazi.site\\\/#website\",\"url\":\"https:\\\/\\\/darkamazi.site\\\/\",\"name\":\"Darka Mazi\",\"description\":\"Ana Sayfa\",\"publisher\":{\"@id\":\"https:\\\/\\\/darkamazi.site\\\/#organization\"},\"potentialAction\":[{\"@type\":\"SearchAction\",\"target\":{\"@type\":\"EntryPoint\",\"urlTemplate\":\"https:\\\/\\\/darkamazi.site\\\/?s={search_term_string}\"},\"query-input\":{\"@type\":\"PropertyValueSpecification\",\"valueRequired\":true,\"valueName\":\"search_term_string\"}}],\"inLanguage\":\"en-US\"},{\"@type\":\"Organization\",\"@id\":\"https:\\\/\\\/darkamazi.site\\\/#organization\",\"name\":\"Darka Mazi T\u00fcrk\u00e7e\",\"alternateName\":\"Darka Mazi\",\"url\":\"https:\\\/\\\/darkamazi.site\\\/\",\"logo\":{\"@type\":\"ImageObject\",\"inLanguage\":\"en-US\",\"@id\":\"https:\\\/\\\/darkamazi.site\\\/#\\\/schema\\\/logo\\\/image\\\/\",\"url\":\"https:\\\/\\\/darkamazi.site\\\/darka-content\\\/uploads\\\/2017\\\/12\\\/darka-mazi-logo.png\",\"contentUrl\":\"https:\\\/\\\/darkamazi.site\\\/darka-content\\\/uploads\\\/2017\\\/12\\\/darka-mazi-logo.png\",\"width\":151,\"height\":75,\"caption\":\"Darka Mazi T\u00fcrk\u00e7e\"},\"image\":{\"@id\":\"https:\\\/\\\/darkamazi.site\\\/#\\\/schema\\\/logo\\\/image\\\/\"},\"sameAs\":[\"https:\\\/\\\/www.facebook.com\\\/DarkaMaziturkce\",\"https:\\\/\\\/x.com\\\/DarkaMaziTurkce\"]},{\"@type\":\"Person\",\"@id\":\"https:\\\/\\\/darkamazi.site\\\/#\\\/schema\\\/person\\\/67986a95ac546c16760365877ef4a9d3\",\"name\":\"darka mazi\",\"sameAs\":[\"https:\\\/\\\/darkamazi.site\"],\"url\":\"https:\\\/\\\/darkamazi.site\\\/archives\\\/author\\\/turkish\"}]}<\/script>\n<!-- \/ Yoast SEO plugin. -->","seo_head_json":{"title":"Cemil Bay\u0131k \u0130mral\u0131\u2019ya Gitti: PKK\u2019de Yeni D\u00f6nem ve Dengeler - Darka Mazi","robots":{"index":"index","follow":"follow","max-snippet":"max-snippet:-1","max-image-preview":"max-image-preview:large","max-video-preview":"max-video-preview:-1"},"canonical":"https:\/\/darkamazi.site\/archives\/1039245","og_locale":"en_US","og_type":"article","og_title":"Cemil Bay\u0131k \u0130mral\u0131\u2019ya Gitti: PKK\u2019de Yeni D\u00f6nem ve Dengeler - Darka Mazi","og_description":"PKK y\u00f6neticilerinden Cemil Bay\u0131k\u2019\u0131n \u0130mral\u0131\u2019ya giderek Abdullah \u00d6calan ile g\u00f6r\u00fc\u015ft\u00fc\u011f\u00fc bildirildi. Darka Mazi\u2019nin g\u00fcvenlik kaynaklar\u0131na dayand\u0131rd\u0131\u011f\u0131 ve YNK kaynaklar\u0131nca da teyit edilen bilgilere g\u00f6re, KCK E\u015f Ba\u015fkan\u0131 ve PKK\u2019nin kurucu \u00fcyelerinden Cemil Bay\u0131k, A\u011fustos ay\u0131n\u0131n ilk haftas\u0131nda S\u00fcleymaniye Havaliman\u0131\u2019ndan kalkan bir u\u00e7akla T\u00fcrkiye\u2019ye ge\u00e7ti. Yan\u0131ndaki iki ki\u015fiyle birlikte \u0130mral\u0131\u2019da iki g\u00fcn kalan Bay\u0131k\u2019\u0131n bu ziyaretiyle, [&hellip;]","og_url":"https:\/\/darkamazi.site\/archives\/1039245","og_site_name":"Darka Mazi","article_publisher":"https:\/\/www.facebook.com\/DarkaMaziturkce","article_published_time":"2026-09-04T14:07:32+00:00","og_image":[{"width":900,"height":497,"url":"https:\/\/darkamazi.site\/file\/2026\/09\/baik-ocalan.jpg","type":"image\/jpeg"}],"author":"darka mazi","twitter_card":"summary_large_image","twitter_creator":"@DarkaMaziTurkce","twitter_site":"@DarkaMaziTurkce","twitter_misc":{"Written by":"darka mazi","Est. reading time":"3 minutes"},"schema":{"@context":"https:\/\/schema.org","@graph":[{"@type":"NewsArticle","@id":"https:\/\/darkamazi.site\/archives\/1039245#article","isPartOf":{"@id":"https:\/\/darkamazi.site\/archives\/1039245"},"author":{"name":"darka mazi","@id":"https:\/\/darkamazi.site\/#\/schema\/person\/67986a95ac546c16760365877ef4a9d3"},"headline":"Cemil Bay\u0131k \u0130mral\u0131\u2019ya Gitti: PKK\u2019de Yeni D\u00f6nem ve Dengeler","datePublished":"2026-09-04T14:07:32+00:00","mainEntityOfPage":{"@id":"https:\/\/darkamazi.site\/archives\/1039245"},"wordCount":821,"publisher":{"@id":"https:\/\/darkamazi.site\/#organization"},"image":{"@id":"https:\/\/darkamazi.site\/archives\/1039245#primaryimage"},"thumbnailUrl":"https:\/\/darkamazi.site\/file\/2026\/09\/baik-ocalan.jpg","keywords":["\u00f6nemli"],"articleSection":["Kurdistan"],"inLanguage":"en-US"},{"@type":"WebPage","@id":"https:\/\/darkamazi.site\/archives\/1039245","url":"https:\/\/darkamazi.site\/archives\/1039245","name":"Cemil Bay\u0131k \u0130mral\u0131\u2019ya Gitti: PKK\u2019de Yeni D\u00f6nem ve Dengeler - Darka Mazi","isPartOf":{"@id":"https:\/\/darkamazi.site\/#website"},"primaryImageOfPage":{"@id":"https:\/\/darkamazi.site\/archives\/1039245#primaryimage"},"image":{"@id":"https:\/\/darkamazi.site\/archives\/1039245#primaryimage"},"thumbnailUrl":"https:\/\/darkamazi.site\/file\/2026\/09\/baik-ocalan.jpg","datePublished":"2026-09-04T14:07:32+00:00","breadcrumb":{"@id":"https:\/\/darkamazi.site\/archives\/1039245#breadcrumb"},"inLanguage":"en-US","potentialAction":[{"@type":"ReadAction","target":["https:\/\/darkamazi.site\/archives\/1039245"]}]},{"@type":"ImageObject","inLanguage":"en-US","@id":"https:\/\/darkamazi.site\/archives\/1039245#primaryimage","url":"https:\/\/darkamazi.site\/file\/2026\/09\/baik-ocalan.jpg","contentUrl":"https:\/\/darkamazi.site\/file\/2026\/09\/baik-ocalan.jpg","width":900,"height":497,"caption":"Cemil Bay\u0131k \u0130mral\u0131\u2019ya Gitti: PKK\u2019de Yeni D\u00f6nem ve Dengeler"},{"@type":"BreadcrumbList","@id":"https:\/\/darkamazi.site\/archives\/1039245#breadcrumb","itemListElement":[{"@type":"ListItem","position":1,"name":"Home","item":"https:\/\/darkamazi.site\/"},{"@type":"ListItem","position":2,"name":"Cemil Bay\u0131k \u0130mral\u0131\u2019ya Gitti: PKK\u2019de Yeni D\u00f6nem ve Dengeler"}]},{"@type":"WebSite","@id":"https:\/\/darkamazi.site\/#website","url":"https:\/\/darkamazi.site\/","name":"Darka Mazi","description":"Ana Sayfa","publisher":{"@id":"https:\/\/darkamazi.site\/#organization"},"potentialAction":[{"@type":"SearchAction","target":{"@type":"EntryPoint","urlTemplate":"https:\/\/darkamazi.site\/?s={search_term_string}"},"query-input":{"@type":"PropertyValueSpecification","valueRequired":true,"valueName":"search_term_string"}}],"inLanguage":"en-US"},{"@type":"Organization","@id":"https:\/\/darkamazi.site\/#organization","name":"Darka Mazi T\u00fcrk\u00e7e","alternateName":"Darka Mazi","url":"https:\/\/darkamazi.site\/","logo":{"@type":"ImageObject","inLanguage":"en-US","@id":"https:\/\/darkamazi.site\/#\/schema\/logo\/image\/","url":"https:\/\/darkamazi.site\/file\/2017\/12\/darka-mazi-logo.png","contentUrl":"https:\/\/darkamazi.site\/file\/2017\/12\/darka-mazi-logo.png","width":151,"height":75,"caption":"Darka Mazi T\u00fcrk\u00e7e"},"image":{"@id":"https:\/\/darkamazi.site\/#\/schema\/logo\/image\/"},"sameAs":["https:\/\/www.facebook.com\/DarkaMaziturkce","https:\/\/x.com\/DarkaMaziTurkce"]},{"@type":"Person","@id":"https:\/\/darkamazi.site\/#\/schema\/person\/67986a95ac546c16760365877ef4a9d3","name":"darka mazi","sameAs":["https:\/\/darkamazi.site"],"url":"https:\/\/darkamazi.site\/archives\/author\/turkish"}]}},"_links":{"self":[{"href":"https:\/\/darkamazi.site\/funavuv\/wp\/v2\/posts\/1039245","targetHints":{"allow":["GET"]}}],"collection":[{"href":"https:\/\/darkamazi.site\/funavuv\/wp\/v2\/posts"}],"about":[{"href":"https:\/\/darkamazi.site\/funavuv\/wp\/v2\/types\/post"}],"author":[{"embeddable":true,"href":"https:\/\/darkamazi.site\/funavuv\/wp\/v2\/users\/2"}],"replies":[{"embeddable":true,"href":"https:\/\/darkamazi.site\/funavuv\/wp\/v2\/comments?post=1039245"}],"version-history":[{"count":1,"href":"https:\/\/darkamazi.site\/funavuv\/wp\/v2\/posts\/1039245\/revisions"}],"predecessor-version":[{"id":1039247,"href":"https:\/\/darkamazi.site\/funavuv\/wp\/v2\/posts\/1039245\/revisions\/1039247"}],"wp:featuredmedia":[{"embeddable":true,"href":"https:\/\/darkamazi.site\/funavuv\/wp\/v2\/media\/1039246"}],"wp:attachment":[{"href":"https:\/\/darkamazi.site\/funavuv\/wp\/v2\/media?parent=1039245"}],"wp:term":[{"taxonomy":"category","embeddable":true,"href":"https:\/\/darkamazi.site\/funavuv\/wp\/v2\/categories?post=1039245"},{"taxonomy":"post_tag","embeddable":true,"href":"https:\/\/darkamazi.site\/funavuv\/wp\/v2\/tags?post=1039245"}],"curies":[{"name":"wp","href":"https:\/\/api.w.org\/{rel}","templated":true}]}}