{"id":1039248,"date":"2026-09-05T14:04:08","date_gmt":"2026-09-05T11:04:08","guid":{"rendered":"https:\/\/darkamazi.site\/?p=1039248"},"modified":"2026-09-05T14:04:08","modified_gmt":"2026-09-05T11:04:08","slug":"kontrollu-savastan-bolgesel-duzen-kuruculuguna-2","status":"publish","type":"post","link":"https:\/\/darkamazi.site\/archives\/1039248","title":{"rendered":"Kontroll\u00fc Sava\u015ftan B\u00f6lgesel D\u00fczen Kuruculu\u011funa"},"content":{"rendered":"<p style=\"text-align: justify;\">2. B\u00f6l\u00fcm: PKK&#8217;den geriye kalan insan kayna\u011f\u0131 ve \u00f6rg\u00fctsel kapasite hangi yeni b\u00f6lgesel d\u00fczen i\u00e7erisinde kullan\u0131lacak?<\/p>\n<ol style=\"text-align: justify;\">\n<li>B\u00f6l\u00fcmde ele ald\u0131\u011f\u0131m\u0131z PKK&#8217;nin y\u00f6netile bilir tehdit olmas\u0131 meselesiydi. PKK tehdidi, devletin g\u00fcvenlik b\u00fcrokrasisinin geni\u015flemesine ve g\u00fcvenlik\u00e7i y\u00f6netim anlay\u0131\u015f\u0131n\u0131n toplum \u00fczerindeki a\u011f\u0131rl\u0131\u011f\u0131n\u0131n artmas\u0131na \u00f6nemli \u00f6l\u00e7\u00fcde katk\u0131da bulundu.<\/li>\n<\/ol>\n<p style=\"text-align: justify;\">Orwell&#8217;in 1984 roman\u0131na yapt\u0131\u011f\u0131m\u0131z g\u00f6nderme de rejimin birebir ayn\u0131 oldu\u011fu iddias\u0131 de\u011fildir.<\/p>\n<p style=\"text-align: justify;\">Biz burada vatanda\u015fl\u0131k, kimlik, g\u00fcvenlik ve devlet, toplum ili\u015fkilerinin giderek daha yo\u011fun bir denetim mant\u0131\u011f\u0131 i\u00e7erisinde \u015fekillenmesini kastediyoruz.<\/p>\n<p style=\"text-align: justify;\">PKK sava\u015f\u0131 T\u00fcrkiye&#8217;deki otoriterle\u015fmenin tek nedeni de\u011fildir. Ama kanaatimizce \u00f6nemli ara\u00e7lar\u0131ndan biri olmu\u015ftur.<\/p>\n<p style=\"text-align: justify;\">B\u00fct\u00fcn bu tabloyu bir araya getirdi\u011fimizde PKK&#8217;nin tarihsel rol\u00fc konusunda ciddi bir paradoks g\u00f6r\u00fcl\u00fcyor.<\/p>\n<p style=\"text-align: justify;\">PKK kendisini K\u00fcrt \u00f6zg\u00fcrl\u00fc\u011f\u00fc ve K\u00fcrt halk\u0131n\u0131n siyasal kurtulu\u015fu \u00e7er\u00e7evesinde tan\u0131mlad\u0131. Fakat elli y\u0131l sonra ortaya \u00e7\u0131kan tabloya bakt\u0131\u011f\u0131m\u0131zda, kendi siyasal hedefleri ile tarihsel sonu\u00e7lar\u0131 aras\u0131nda b\u00fcy\u00fck bir u\u00e7urum g\u00f6r\u00fcn\u00fcyor<\/p>\n<p style=\"text-align: justify;\">Bizim i\u00e7in temel soru art\u0131k:<\/p>\n<p style=\"text-align: justify;\"><em>\u201cPKK ne istiyordu?\u201d de\u011fil.<\/em><\/p>\n<p style=\"text-align: justify;\"><em>\u201cPKK&#8217;nin y\u00fcr\u00fctt\u00fc\u011f\u00fc sava\u015f sonunda ne ortaya \u00e7\u0131kt\u0131?\u201d sorusudur.<\/em><\/p>\n<p style=\"text-align: justify;\"><em>\u00c7\u00fcnk\u00fc bug\u00fcn T\u00fcrkiye;<\/em><\/p>\n<p style=\"text-align: justify;\"><em>\u00a0* daha g\u00fc\u00e7l\u00fc bir asker\u00ee kapasiteye,<\/em><\/p>\n<p style=\"text-align: justify;\"><em>\u00a0* daha geli\u015fmi\u015f bir savunma sanayiine,<\/em><\/p>\n<p style=\"text-align: justify;\"><em>\u00a0* daha geni\u015f bir s\u0131n\u0131r \u00f6tesi operasyon kabiliyetine,<\/em><\/p>\n<p style=\"text-align: justify;\"><em>\u00a0* Irak ve Suriye&#8217;de daha geni\u015f bir n\u00fcfuz alan\u0131na,<\/em><\/p>\n<p style=\"text-align: justify;\"><em>\u00a0* enerji ve ticaret koridorlar\u0131 \u00fczerinde daha g\u00fc\u00e7l\u00fc bir jeopolitik konuma sahiptir.<\/em><\/p>\n<p style=\"text-align: justify;\"><em>*Objektif olarak Turkiye kendi lehine bir topal \u00f6rdek Skyes-P\u0131cot yaratmakla kalmay\u0131p Kasri \u015eirin s\u0131n\u0131r hatt\u0131nda etki alan\u0131 olu\u015fturup bir arka bah\u00e7e yaratm\u0131\u015ft\u0131r diyebiliriz.<\/em><\/p>\n<p style=\"text-align: justify;\">Bu geli\u015fmelerin hi\u00e7birini yaln\u0131zca PKK&#8217;ye ba\u011flam\u0131yoruz.<\/p>\n<p style=\"text-align: justify;\">Fakat PKK sava\u015f\u0131n\u0131n b\u00fct\u00fcn bu d\u00f6n\u00fc\u015f\u00fcmlerin ger\u00e7ekle\u015fti\u011fi tarihsel ortam\u0131n en \u00f6nemli unsurlar\u0131ndan biri oldu\u011funu rahatl\u0131kla s\u00f6yleyebiliriz. PKK so\u011fuk sava\u015f d\u00f6neminin derin aparatlar\u0131ndan biri oldu\u011fu izlenimlerini fazlas\u0131yla veriyor.<\/p>\n<p style=\"text-align: justify;\">Dolay\u0131s\u0131yla vard\u0131\u011f\u0131m\u0131z sonu\u00e7 \u015fudur:<\/p>\n<p style=\"text-align: justify;\"><strong><em>S\u00f6zde bir K\u00fcrt \u00f6zg\u00fcrl\u00fck hareketiydi.<\/em><\/strong><\/p>\n<p style=\"text-align: justify;\">Elli y\u0131l\u0131n sonunda k\u00fcresel ticaret ve enerji hatlar\u0131n\u0131n g\u00fcvenlik jandarmas\u0131na, T\u00fcrk savunma sanayiinin b\u00f6lgesel bir akt\u00f6r olmas\u0131na ve T\u00fcrkiye Cumhuriyeti devletinin n\u00fcfuz alan\u0131n\u0131 geni\u015fletmesine hizmet eden en b\u00fcy\u00fck kald\u0131ra\u00e7lardan biri haline geldi.<\/p>\n<p style=\"text-align: justify;\">Buradaki <strong>\u201cs\u00f6zde\u201d<\/strong> ifadesi, PKK&#8217;nin kendisini \u00f6zg\u00fcrl\u00fck hareketi olarak tan\u0131mlamad\u0131\u011f\u0131 anlam\u0131na gelmiyor. Tam tersine, kendi siyasal iddias\u0131 ile tarihsel sonucu aras\u0131ndaki \u00e7eli\u015fkiye i\u015faret ediyor.<\/p>\n<p style=\"text-align: justify;\">Bir hareketin niyeti ba\u015fka, tarihsel sonucu ba\u015fka olabilir. Tarih \u00e7o\u011fu zaman niyetlerden \u00e7ok sonu\u00e7larla hesapla\u015f\u0131r.<\/p>\n<p style=\"text-align: justify;\">\u00d6calan&#8217;\u0131n bug\u00fcnk\u00fc konumu bu tarihsel paradoksu daha da g\u00f6r\u00fcn\u00fcr hale getiriyor.<\/p>\n<p style=\"text-align: justify;\">Bir zamanlar T\u00fcrkiye Cumhuriyeti&#8217;nin en b\u00fcy\u00fck d\u00fc\u015fmanlar\u0131ndan biri olarak tan\u0131mlanan \u00d6calan, bug\u00fcn PKK&#8217;nin silah b\u0131rakmas\u0131 ve kendisini feshetmesi s\u00fcrecinde merkezi bir siyasal akt\u00f6r olarak ortaya \u00e7\u0131km\u0131\u015ft\u0131r.<\/p>\n<p style=\"text-align: justify;\">Biz bunu yaln\u0131zca <strong>\u201cbar\u0131\u015f\u201d<\/strong> olarak okumuyoruz.<\/p>\n<p style=\"text-align: justify;\">Bizim i\u00e7in as\u0131l soru \u015fudur:<\/p>\n<p style=\"text-align: justify;\">Bu bar\u0131\u015f\u0131n sonunda nas\u0131l bir siyasal d\u00fczen ortaya \u00e7\u0131kacakt\u0131r?<\/p>\n<p style=\"text-align: justify;\"><em>E\u011fer ortaya \u00e7\u0131kan d\u00fczen PKK&#8217;nin tasfiyesiyle birlikte T\u00fcrkiye&#8217;nin asker\u00ee kapasitesinin korunmas\u0131, Suriye&#8217;deki K\u00fcrt siyasi alan\u0131n\u0131n daralmas\u0131, Irak K\u00fcrdistan\u0131&#8217;n\u0131n merkez\u00ee otorite kar\u015f\u0131s\u0131nda hareket alan\u0131n\u0131n azalmas\u0131 ve T\u00fcrkiye&#8217;nin b\u00f6lgesel n\u00fcfuzunun korunmas\u0131 y\u00f6n\u00fcnde ilerliyorsa, o zaman burada yaln\u0131zca sava\u015f\u0131n bitmesinden s\u00f6z etmiyoruz.<\/em><\/p>\n<p style=\"text-align: justify;\">Sava\u015f\u0131n \u00fcretti\u011fi yeni jeopolitik d\u00fczenin kurulmas\u0131ndan s\u00f6z ediyoruz. Bu nedenle bizim a\u00e7\u0131m\u0131zdan \u00d6calan&#8217;\u0131n bug\u00fcnk\u00fc rol\u00fc son derece paradoksald\u0131r: Sava\u015f\u0131n kurucu lideri, kendi kurdu\u011fu yap\u0131n\u0131n tasfiye edilmesinin de merkez\u00ee akt\u00f6rlerinden birine d\u00f6n\u00fc\u015fm\u00fc\u015ft\u00fcr.<\/p>\n<p style=\"text-align: justify;\">Biz <strong>\u201cajan\u201d<\/strong> kelimesini burada hukuki veya istihbar\u00ee anlamda kullanm\u0131yoruz. Bizim kastetti\u011fimiz, bir stratejik s\u00fcrecin ta\u015f\u0131y\u0131c\u0131s\u0131 veya uygulay\u0131c\u0131s\u0131 haline gelmesidir. Aksi halde <strong>\u201c\u00d6calan devlet ajan\u0131d\u0131r\u201d<\/strong> \u015feklinde ayr\u0131ca kan\u0131tlanmas\u0131 gereken bir ampirik iddia ortaya \u00e7\u0131kacakt\u0131r.<\/p>\n<p style=\"text-align: justify;\">Bu tez i\u00e7in buna gerek yoktur. Bizim s\u00f6yledi\u011fimiz daha basittir:<\/p>\n<p style=\"text-align: justify;\"><em>Bir hareketin kurucu lideri, elli y\u0131l sonra ayn\u0131 hareketin devlet taraf\u0131ndan belirlenen tasfiye s\u00fcrecinin merkezine yerle\u015fmi\u015fse, bu durum hareketin tarihsel \u00f6zerkli\u011fi a\u00e7\u0131s\u0131ndan a\u00e7\u0131klanmas\u0131 gereken ola\u011fan\u00fcst\u00fc bir paradokstur.<\/em><\/p>\n<p style=\"text-align: justify;\">Rusya&#8217;n\u0131n \u00c7e\u00e7enistan politikas\u0131ndaki Ramazan Kadirov \u00f6rne\u011fi de bu a\u00e7\u0131dan ayr\u0131ca \u00f6nemlidir. Rusya ile \u00c7e\u00e7en sava\u015flar\u0131 s\u0131ras\u0131nda birbirine kar\u015f\u0131 sava\u015fan taraflar aras\u0131ndaki ili\u015fki, sonraki y\u0131llarda tamamen farkl\u0131 bir bi\u00e7ime d\u00f6n\u00fc\u015ft\u00fc.<\/p>\n<p style=\"text-align: justify;\">Kadirov, Kremlin&#8217;e ba\u011fl\u0131 bir \u00c7e\u00e7en y\u00f6netiminin ba\u015f\u0131na ge\u00e7ti ve \u00c7e\u00e7en sava\u015f\u00e7\u0131lar\u0131n \u00f6nemli bir b\u00f6l\u00fcm\u00fc Rusya&#8217;n\u0131n asker\u00ee ve g\u00fcvenlik d\u00fczeninin i\u00e7erisine yerle\u015ftirildi. Kadirov&#8217;a ba\u011fl\u0131 \u00c7e\u00e7en birlikleri daha sonra Rusya&#8217;n\u0131n Ukrayna sava\u015f\u0131nda kullan\u0131ld\u0131.<\/p>\n<p style=\"text-align: justify;\">Burada T\u00fcrkiye ile Rusya&#8217;n\u0131n veya PKK ile \u00c7e\u00e7en sava\u015f\u0131n\u0131n birebir ayn\u0131 oldu\u011funu iddia etmiyoruz.<\/p>\n<p style=\"text-align: justify;\">Kar\u015f\u0131la\u015ft\u0131rman\u0131n anlam\u0131 ba\u015fka bir yerdedir:<\/p>\n<p style=\"text-align: justify;\"><em>Devletler bazen yaln\u0131zca silahl\u0131 hareketleri yenmez; o hareketlerin insan kayna\u011f\u0131n\u0131, \u00f6rg\u00fctsel kapasitesini ve sava\u015f\u00e7\u0131 kimli\u011fini kendi g\u00fcvenlik d\u00fczenlerinin i\u00e7ine yeniden yerle\u015ftirebilir.<\/em><\/p>\n<p style=\"text-align: justify;\"><em>\u0130\u015fte bug\u00fcn \u00d6calan&#8217;\u0131n PKK&#8217;nin silah b\u0131rakmas\u0131 ve feshi s\u00fcrecindeki rol\u00fcn\u00fc de bu a\u00e7\u0131dan de\u011ferlendirmek gerekti\u011fini d\u00fc\u015f\u00fcn\u00fclmelidir.<\/em><\/p>\n<p style=\"text-align: justify;\"><em>Mesele art\u0131k yaln\u0131zca PKK&#8217;nin sava\u015f\u0131p sava\u015fmayaca\u011f\u0131 de\u011fildir.<\/em><\/p>\n<p style=\"text-align: justify;\"><em>Mesele, PKK&#8217;nin sava\u015f\u00e7\u0131 kapasitesinin ve kadrolar\u0131n\u0131n bundan sonra hangi b\u00f6lgesel d\u00fczen i\u00e7erisinde kullan\u0131laca\u011f\u0131d\u0131r.<\/em><\/p>\n<p style=\"text-align: justify;\">Suriye&#8217;de ya\u015fanan geli\u015fmeler bu soruyu daha da \u00f6nemli hale getirmi\u015ftir. K\u00fcrt silahl\u0131 g\u00fc\u00e7lerinin Suriye devlet yap\u0131s\u0131na entegrasyonu art\u0131k fiil\u00ee bir s\u00fcre\u00e7tir. SDG&#8217;nin ba\u011f\u0131ms\u0131z asker\u00ee g\u00fc\u00e7 olarak feshedilmesi ve kadrolar\u0131n\u0131n Suriye devletinin asker\u00ee yap\u0131s\u0131na dahil edilmesi, bir d\u00f6nemin kapand\u0131\u011f\u0131n\u0131 g\u00f6stermektedir.<\/p>\n<p style=\"text-align: justify;\">Burada art\u0131k yaln\u0131zca bir \u00f6rg\u00fct\u00fcn silah b\u0131rakmas\u0131ndan s\u00f6z etmiyoruz. Bir asker\u00ee insan kayna\u011f\u0131n\u0131n devlet yap\u0131s\u0131na aktar\u0131lmas\u0131ndan s\u00f6z ediyoruz. D\u00fcn Suriye devletinden ayr\u0131 bir asker\u00ee g\u00fc\u00e7 olarak hareket eden kadrolar, bug\u00fcn Suriye devletinin asker\u00ee yap\u0131s\u0131 i\u00e7erisinde g\u00f6rev almaktad\u0131r.<\/p>\n<p style=\"text-align: justify;\">Bu nedenle bizim a\u00e7\u0131md\u0131zan Kadirov \u00f6rne\u011fi ile Suriye&#8217;deki geli\u015fmeler aras\u0131nda \u00f6nemli bir tarihsel paralellik bulunmaktad\u0131r.<\/p>\n<p style=\"text-align: justify;\">Ayn\u0131 olay de\u011fildir. Ayn\u0131 akt\u00f6rler de\u011fildir.<\/p>\n<p style=\"text-align: justify;\">Fakat ortaya \u00e7\u0131kan mekanizma benzerdir:<\/p>\n<p style=\"text-align: justify;\">Eski sava\u015f\u00e7\u0131, yeni g\u00fcvenlik d\u00fczeninin personeline d\u00f6n\u00fc\u015fmektedir.<\/p>\n<p style=\"text-align: justify;\">Buradan daha ileri bir sonu\u00e7 \u00e7\u0131kar\u0131yoruz.<\/p>\n<p style=\"text-align: justify;\">E\u011fer bir hareketin silahl\u0131 kadrolar\u0131 sava\u015f\u0131n sonunda tamamen yok edilmiyor, aksine ba\u015fka devletlerin g\u00fcvenlik yap\u0131lar\u0131 i\u00e7erisine aktar\u0131l\u0131yorsa, o zaman sava\u015f\u0131n sonucu yaln\u0131zca <strong>\u201cyenilgi\u201d<\/strong> de\u011fildir.<\/p>\n<p style=\"text-align: justify;\">Bu kadrolar ve askeri g\u00fc\u00e7 sadece resmi bir devlet kurumuna ba\u011flanmas\u0131 de\u011fil, ayn\u0131 zamanda s\u00f6z konusu devletinde belli anlamda kontrol alt\u0131nda tutulmas\u0131 anlam\u0131na gelece\u011fide g\u00f6z ard\u0131 edilmemelidir. Devlet i\u00e7erisinde vekil g\u00fc\u00e7ler dengesini L\u00fcbnan ve Irak \u00fczerinden anlamak zor olmasa gerek.<\/p>\n<p style=\"text-align: justify;\">Sava\u015f\u00e7\u0131 insan kayna\u011f\u0131n\u0131n yeniden d\u00fczenlenmesidirde denebilir.<\/p>\n<p style=\"text-align: justify;\">Bu nedenle biz bug\u00fcn apoist kadrolar\u0131n gelece\u011fini yaln\u0131zca \u201csilah b\u0131rakacaklar m\u0131?\u201d sorusuyla de\u011ferlendirmiyoruz.<\/p>\n<p style=\"text-align: justify;\">Soru \u015fudur: Bu kadrolar bundan sonra kimin g\u00fcvenlik d\u00fczeninin i\u00e7erisinde yer alacakt\u0131r?<\/p>\n<p style=\"text-align: justify;\">Suriye&#8217;de bunun somut \u00f6rne\u011fini g\u00f6r\u00fcyoruz.<\/p>\n<p style=\"text-align: justify;\">Bir d\u00f6nem T\u00fcrkiye taraf\u0131ndan g\u00fcvenlik tehdidi olarak g\u00f6r\u00fclen K\u00fcrt silahl\u0131 kadrolar\u0131n\u0131n bir b\u00f6l\u00fcm\u00fc, \u015fimdi Suriye devletinin asker\u00ee yap\u0131s\u0131 i\u00e7erisinde yer almaktad\u0131r.<\/p>\n<p style=\"text-align: justify;\">Bu s\u00fcrecin T\u00fcrkiye&#8217;nin b\u00f6lgesel g\u00fcvenlik mimarisi a\u00e7\u0131s\u0131ndan nas\u0131l sonu\u00e7lanaca\u011f\u0131n\u0131 zaman g\u00f6sterecektir.<\/p>\n<p style=\"text-align: justify;\">Fakat bizim g\u00f6rd\u00fc\u011f\u00fcm\u00fcz tarihsel e\u011filim a\u00e7\u0131kt\u0131r:<\/p>\n<p style=\"text-align: justify;\">Eski sava\u015f\u00e7\u0131, yeni g\u00fcvenlik d\u00fczeninin personeline d\u00f6n\u00fc\u015febilmekle beraber oyun kurucu g\u00fcc\u00fcn vekil g\u00fcc\u00fcde olabilmektedir. L\u00fcbnan ve Irak\u2019ta \u0130ran yap\u0131lanmalar\u0131 bak\u0131labilir.<\/p>\n<p style=\"text-align: justify;\">\u0130\u015fte bu nedenle Rusya-Kadirov ve \u0130ran \u00f6rne\u011fi T\u00fcrkiye a\u00e7\u0131s\u0131ndan yaln\u0131zca uzak bir tarihsel \u00f6rnek de\u011fildir.<\/p>\n<p style=\"text-align: justify;\"><strong><em>Bir modeldir.<\/em><\/strong><\/p>\n<p style=\"text-align: justify;\">Kadirov \u00fczerinden bu sava\u015f\u00e7\u0131lar\u0131n bir b\u00f6l\u00fcm\u00fc daha sonra Ukrayna&#8217;da Rusya ad\u0131na sava\u015ft\u0131.<\/p>\n<p style=\"text-align: justify;\">T\u00fcrkiye a\u00e7\u0131s\u0131ndan da benzer bir d\u00f6n\u00fc\u015f\u00fcm ihtimalini g\u00f6z ard\u0131 etmiyoruz. Yapt\u0131\u011f\u0131 \u015fey daha \u00f6nce Rusya&#8217;ya kar\u015f\u0131 sava\u015fm\u0131\u015f \u00c7e\u00e7en sava\u015f\u00e7\u0131lar\u0131n \u00f6nemli bir b\u00f6l\u00fcm\u00fcn\u00fc kendi g\u00fcvenlik ve asker\u00ee sisteminin i\u00e7erisinde yeniden konumland\u0131rmak oldu.<\/p>\n<p style=\"text-align: justify;\">\u0130ran ise L\u00fcbnan ve Irak\u2019ta kendi vekil g\u00fc\u00e7lerini devlet \u015femsiyesi alt\u0131nda konumland\u0131rd\u0131. Suriye\u2019de devlet kurumlar\u0131na entegre edildi\u011fi a\u00e7\u0131klanan K\u00fcrd askeri yap\u0131lanmas\u0131n\u0131n yar\u0131n bir vekil g\u00fc\u00e7 durumuna gelmeyece\u011fini kim s\u00f6yleyebilir.<\/p>\n<p style=\"text-align: justify;\">Bizim \u00f6ng\u00f6r\u00fcm\u00fcz \u015fudur:<\/p>\n<p style=\"text-align: justify;\">PKK&#8217;nin tasfiyesi yaln\u0131zca PKK&#8217;nin ortadan kalkmas\u0131 anlam\u0131na gelmeyebilir. Ayn\u0131 zamanda apoist insan kayna\u011f\u0131n\u0131n yeni b\u00f6lgesel g\u00fcvenlik d\u00fczenlerine da\u011f\u0131t\u0131lmas\u0131 anlam\u0131na gelebilir.<\/p>\n<p style=\"text-align: justify;\">Bu s\u00fcre\u00e7 Suriye&#8217;de ba\u015flam\u0131\u015f durumdad\u0131r.<\/p>\n<p style=\"text-align: justify;\">Gelecekte bunun Irak, Suriye ve ba\u015fka b\u00f6lgesel alanlarda nas\u0131l geli\u015fece\u011fini g\u00f6rece\u011fiz.<\/p>\n<p style=\"text-align: justify;\">Ve e\u011fer bu kadrolar\u0131n bir b\u00f6l\u00fcm\u00fc T\u00fcrkiye&#8217;nin b\u00f6lgesel \u00e7\u0131karlar\u0131yla uyumlu g\u00fcvenlik yap\u0131lar\u0131na eklemlenirse, d\u00fcn T\u00fcrkiye&#8217;ye kar\u015f\u0131 sava\u015fm\u0131\u015f baz\u0131 apoistlerin yar\u0131n T\u00fcrkiye&#8217;nin b\u00f6lgesel g\u00fcvenlik d\u00fczeninin dolayl\u0131 unsurlar\u0131na d\u00f6n\u00fc\u015fmesi \u015fa\u015f\u0131rt\u0131c\u0131 olmayacakt\u0131r.<\/p>\n<p style=\"text-align: justify;\">Biz <strong>\u201cT\u00fcrkiye&#8217;nin paral\u0131 askerleri\u201d<\/strong> derken yaln\u0131zca maa\u015f kar\u015f\u0131l\u0131\u011f\u0131nda T\u00fcrk ordusunda g\u00f6rev yapan insanlar anlam\u0131nda kullanm\u0131yoruz. Kastetti\u011fimiz daha geni\u015ftir:<\/p>\n<p style=\"text-align: justify;\"><em>Bir zamanlar T\u00fcrkiye&#8217;ye kar\u015f\u0131 sava\u015fm\u0131\u015f bir insan kayna\u011f\u0131n\u0131n, yeni jeopolitik d\u00fczende T\u00fcrkiye&#8217;nin \u00e7\u0131karlar\u0131yla uyumlu bi\u00e7imde kullan\u0131lan bir g\u00fcvenlik kapasitesine d\u00f6n\u00fc\u015fmesidir.<\/em><\/p>\n<p style=\"text-align: justify;\">Bu ger\u00e7ekle\u015firse, tarihsel paradoks tamamlanm\u0131\u015f olacakt\u0131r. Biz b\u00fct\u00fcn bu s\u00fcreci bir ba\u015fka metaforla da ifade edelim:<\/p>\n<p style=\"text-align: justify;\"><strong><em>Ay\u0131yla dansa kalkt\u0131\u011f\u0131n\u0131zda, dans\u0131n ne zaman bitece\u011fine ay\u0131 karar verir. <\/em><\/strong>PKK&#8217;nin elli y\u0131ll\u0131k tarihi de bize g\u00f6re b\u00f6yle bir paradoks yaratm\u0131\u015ft\u0131r.<\/p>\n<p style=\"text-align: justify;\">Devlet ba\u015flang\u0131\u00e7ta PKK&#8217;yi y\u00f6netilebilir bir tehdit olarak de\u011ferlendirmi\u015f olabilir.<\/p>\n<p style=\"text-align: justify;\">Fakat PKK de zaman i\u00e7erisinde kendi tarihini, kadrolar\u0131n\u0131, siyasal k\u00fclt\u00fcr\u00fcn\u00fc, uluslararas\u0131 ili\u015fkilerini ve asker\u00ee kapasitesini olu\u015fturmu\u015ftur.<\/p>\n<p style=\"text-align: justify;\">Dolay\u0131s\u0131yla ba\u015flang\u0131\u00e7ta y\u00f6netilebilir g\u00f6r\u00fcnen sava\u015f zaman i\u00e7erisinde kendi dinamiklerini \u00fcretmi\u015ftir.<\/p>\n<p style=\"text-align: justify;\">Fakat T\u00fcrkiye de ayn\u0131 s\u00fcre\u00e7 i\u00e7erisinde de\u011fi\u015fmi\u015ftir. 1984 T\u00fcrkiye&#8217;si ile bug\u00fcnk\u00fc T\u00fcrkiye ayn\u0131 de\u011fildir. T\u00fcrkiye&#8217;nin ordusu, istihbarat\u0131, savunma sanayii, teknolojisi, ekonomik ili\u015fkileri ve b\u00f6lgesel operasyon kapasitesi bug\u00fcn \u00e7ok daha farkl\u0131d\u0131r. T\u00fcrkiye art\u0131k PKK&#8217;ye eski bi\u00e7imiyle ihtiya\u00e7 duymayacak kadar g\u00fc\u00e7l\u00fc bir devlet kapasitesine ula\u015fm\u0131\u015ft\u0131r.<\/p>\n<p style=\"text-align: justify;\">Bu nedenle sava\u015f\u0131n sona erdirilmesi bug\u00fcn m\u00fcmk\u00fcn hale gelmi\u015ftir.<\/p>\n<p style=\"text-align: justify;\">Bizim i\u00e7in elli y\u0131ll\u0131k hik\u00e2yenin en a\u011f\u0131r ironisi burada yat\u0131yor.<\/p>\n<p style=\"text-align: justify;\">K\u00fcrt \u00f6zg\u00fcrl\u00fc\u011f\u00fc iddias\u0131yla ba\u015flayan hareket, sonunda T\u00fcrkiye&#8217;nin asker\u00ee kapasitesinin b\u00fcy\u00fcmesine, savunma sanayiinin b\u00f6lgesel akt\u00f6r haline gelmesine, Irak ve Suriye&#8217;de asker\u00ee n\u00fcfuzunun geni\u015flemesine ve T\u00fcrkiye&#8217;nin enerji, ticaret hatlar\u0131n\u0131n g\u00fcvenli\u011finde daha merkezi bir rol \u00fcstlenmesine hizmet eden tarihsel bir kald\u0131ra\u00e7 haline geldi.<\/p>\n<p style=\"text-align: justify;\">Ve \u015fimdi ayn\u0131 hareketin tasfiyesi konu\u015fuluyor.<\/p>\n<p style=\"text-align: justify;\">Dolay\u0131s\u0131yla art\u0131k yaln\u0131zca: \u201cPKK ne yapt\u0131?\u201d diye sormuyoruz.<\/p>\n<p style=\"text-align: justify;\">As\u0131l soru \u015fu: \u201cPKK&#8217;nin yapt\u0131klar\u0131 sonunda kimin i\u015fine yarad\u0131?\u201d<\/p>\n<p style=\"text-align: justify;\">Bizim cevab\u0131m\u0131z nettir: Tarih niyetlerden \u00e7ok sonu\u00e7larla hesapla\u015f\u0131r.<\/p>\n<p style=\"text-align: justify;\">Ve bizim g\u00f6rd\u00fc\u011f\u00fcm\u00fcz sonu\u00e7 \u015fudur: \u0130\u00e7eride elli y\u0131l boyunca yanan ate\u015f, sonunda T\u00fcrkiye&#8217;nin b\u00f6lgesel g\u00fc\u00e7 kapasitesinin yak\u0131tlar\u0131ndan birine d\u00f6n\u00fc\u015fm\u00fc\u015ft\u00fcr.<\/p>\n<p style=\"text-align: justify;\">\u0130\u00e7eride kavrulan ate\u015f, ger\u00e7e\u011fin so\u011fuk y\u00fcz\u00fcyle birle\u015fmi\u015ftir. Ve \u015fimdi d\u0131\u015far\u0131ya do\u011frudan, sans\u00fcrs\u00fcz ve yak\u0131c\u0131 bir alev olarak \u00e7\u0131kmaktad\u0131r. \u0130\u00e7eride yanan ate\u015f, hakikatin alevine d\u00f6n\u00fc\u015fmektedir.<\/p>\n<p style=\"text-align: justify;\">Belki de elli y\u0131ll\u0131k hik\u00e2yenin en ac\u0131 ironisi budur: Sava\u015f\u0131n kurucu lideri, sonunda sava\u015f\u0131n tasfiyesinin ta\u015f\u0131y\u0131c\u0131s\u0131na d\u00f6n\u00fc\u015fm\u00fc\u015ft\u00fcr. Ve b\u00fct\u00fcn bu hik\u00e2yeyi tek c\u00fcmlede ifade etmek gerekirse: PKK&#8217;nin elli y\u0131ll\u0131k <strong>\u201cseferi\u201d,<\/strong> sonunda T\u00fcrkiye&#8217;nin b\u00f6lgesel g\u00fc\u00e7 y\u00fcr\u00fcy\u00fc\u015f\u00fcn\u00fcn kald\u0131ra\u00e7lar\u0131ndan birine d\u00f6n\u00fc\u015fm\u00fc\u015ft\u00fcr.<\/p>\n<p style=\"text-align: justify;\">As\u0131l tarihsel soru ise art\u0131k \u015fudur: Yar\u0131m y\u00fczy\u0131l boyunca birbirine kar\u015f\u0131 sava\u015fan iki taraf\u0131n sonunda kazand\u0131\u011f\u0131 \u015fey nedir?<\/p>\n<p style=\"text-align: justify;\">E\u011fer cevap yaln\u0131zca PKK&#8217;nin tasfiyesi ve sava\u015f\u0131n sona ermesi de\u011filse;<\/p>\n<p style=\"text-align: justify;\">e\u011fer bu s\u00fcre\u00e7 T\u00fcrkiye&#8217;nin asker\u00ee kapasitesinin korunmas\u0131n\u0131, b\u00f6lgesel n\u00fcfuzunun geni\u015flemesini, Irak ve Suriye&#8217;deki K\u00fcrt siyasi alanlar\u0131n\u0131n yeniden s\u0131n\u0131rland\u0131r\u0131lmas\u0131n\u0131 ve eski sava\u015f\u00e7\u0131 kadrolar\u0131n yeni b\u00f6lgesel g\u00fcvenlik d\u00fczenlerine eklemlenmesini de beraberinde getiriyorsa; o zaman elli y\u0131ll\u0131k sava\u015f\u0131n son perdesine de\u011fil, sava\u015f\u0131n \u00fcretti\u011fi yeni d\u00fczenin kurulu\u015funa bak\u0131yoruz demektir.<\/p>\n<p style=\"text-align: justify;\">Ve belki de en b\u00fcy\u00fck paradoks tam burada ortaya \u00e7\u0131kmaktad\u0131r:<\/p>\n<p style=\"text-align: justify;\">Kendisi i\u00e7in \u00f6zg\u00fcrl\u00fck alan\u0131 a\u00e7mak \u00fczere sava\u015fa ba\u015flayan bir hareket, sonunda kendi sava\u015f\u0131n\u0131n \u00fcretti\u011fi jeopolitik d\u00fczen taraf\u0131ndan yeniden \u015fekillendirilmektedir.<\/p>\n<p style=\"text-align: justify;\">Rusya&#8217;n\u0131n \u00c7e\u00e7enistan&#8217;da Kadirov \u00fczerinden ger\u00e7ekle\u015ftirdi\u011fi d\u00f6n\u00fc\u015f\u00fcm ile Suriye&#8217;de K\u00fcrt silahl\u0131 yap\u0131s\u0131n\u0131n devlet ordusuna entegrasyonu ayn\u0131 tarihsel olay de\u011fildir.<\/p>\n<p style=\"text-align: justify;\">Ayn\u0131 akt\u00f6rler de\u011fildir.<\/p>\n<p style=\"text-align: justify;\">Fakat ikisinin bize g\u00f6sterdi\u011fi ortak ger\u00e7ek \u015fudur: Silahl\u0131 hareketler yaln\u0131zca sava\u015farak veya yok edilerek sona ermez. Bazen sava\u015f\u00e7\u0131lar\u0131 ba\u015fka bir devletin g\u00fcvenlik sistemine dahil edilerek de sona erer.<\/p>\n<p style=\"text-align: justify;\">Kadirov \u00f6rne\u011finde, d\u00fcn Rusya&#8217;ya kar\u015f\u0131 sava\u015fan \u00c7e\u00e7en sava\u015f\u00e7\u0131n\u0131n bir b\u00f6l\u00fcm\u00fc bug\u00fcn Rusya ad\u0131na Ukrayna&#8217;da sava\u015fmaktad\u0131r.<\/p>\n<p style=\"text-align: justify;\">Suriye \u00f6rne\u011finde ise d\u00fcn ba\u011f\u0131ms\u0131z K\u00fcrt asker\u00ee yap\u0131s\u0131n\u0131n par\u00e7as\u0131 olan kadrolar bug\u00fcn Suriye devletinin asker\u00ee yap\u0131s\u0131na dahil edilmektedir.<\/p>\n<p style=\"text-align: justify;\">\u00d6calan&#8217;\u0131n PKK&#8217;ye silah b\u0131rakma ve fesih \u00e7a\u011fr\u0131s\u0131 ile PKK&#8217;nin fesih karar\u0131 da bu b\u00fcy\u00fck d\u00f6n\u00fc\u015f\u00fcm\u00fcn T\u00fcrkiye aya\u011f\u0131n\u0131 olu\u015fturmaktad\u0131r. Dolay\u0131s\u0131yla bizim a\u00e7\u0131m\u0131zdan art\u0131k mesele yaln\u0131zca:<\/p>\n<p style=\"text-align: justify;\">\u201cPKK bitti mi?\u201d sorusudur.<\/p>\n<p style=\"text-align: justify;\">As\u0131l mesele:<\/p>\n<p style=\"text-align: justify;\">PKK&#8217;den geriye kalan siyasi enerji, asker\u00ee deneyim, insan kayna\u011f\u0131 ve \u00f6rg\u00fctsel kapasite hangi yeni b\u00f6lgesel d\u00fczen i\u00e7erisinde kullan\u0131lacakt\u0131r?<\/p>\n<p style=\"text-align: justify;\">\u0130\u015fte elli y\u0131ll\u0131k sava\u015f\u0131n ger\u00e7ek sonunu belirleyecek soru budur.<\/p>\n<p style=\"text-align: justify;\">Ve e\u011fer bu s\u00fcrecin sonunda T\u00fcrkiye&#8217;nin kar\u015f\u0131s\u0131nda ba\u011f\u0131ms\u0131z bir K\u00fcrt asker\u00ee alan\u0131 kalmaz, Irak K\u00fcrdistan\u0131&#8217;n\u0131n ba\u011f\u0131ms\u0131zla\u015fma ihtimali zay\u0131flar, Suriye&#8217;deki K\u00fcrt asker\u00ee yap\u0131lanmas\u0131 \u015eam&#8217;a entegre olur, T\u00fcrkiye&#8217;nin s\u0131n\u0131r \u00f6tesi asker\u00ee kapasitesi korunur ve eski sava\u015f\u00e7\u0131 kadrolar yeni b\u00f6lgesel g\u00fcvenlik d\u00fczenlerine da\u011f\u0131t\u0131l\u0131rsa;<\/p>\n<p style=\"text-align: justify;\">o zaman PKK&#8217;nin elli y\u0131ll\u0131k tarihini yaln\u0131zca bir isyan\u0131n, bir direni\u015fin veya bir ter\u00f6rle m\u00fccadele hik\u00e2yesinin tarihi olarak okumak m\u00fcmk\u00fcn olmayacakt\u0131r.<\/p>\n<p style=\"text-align: justify;\">Bu tarih, ayn\u0131 zamanda bir devlet kapasitesinin b\u00fcy\u00fcmesinin, bir b\u00f6lgesel g\u00fc\u00e7 d\u00fczeninin kurulmas\u0131n\u0131n ve sava\u015fan insan kayna\u011f\u0131n\u0131n yeni jeopolitik yap\u0131lara yeniden da\u011f\u0131t\u0131lmas\u0131n\u0131n tarihidir.<\/p>\n<p style=\"text-align: justify;\">Bizim g\u00f6rd\u00fc\u011f\u00fcm\u00fcz tarihsel paradoks budur.<\/p>\n<p style=\"text-align: justify;\">Bir zamanlar T\u00fcrkiye Cumhuriyeti&#8217;ne kar\u015f\u0131 sava\u015fan hareket, bug\u00fcn kendi silahl\u0131 yap\u0131s\u0131n\u0131n tasfiye edilmesinin merkezine yerle\u015fmi\u015ftir.<\/p>\n<p style=\"text-align: justify;\">Bir zamanlar devlet d\u0131\u015f\u0131 bir asker\u00ee g\u00fc\u00e7 olarak hareket eden K\u00fcrt silahl\u0131 kadrolar\u0131, bug\u00fcn ba\u015fka bir devletin asker\u00ee yap\u0131s\u0131na entegre edilmektedir. Ve d\u00fcn devletle sava\u015fan sava\u015f\u00e7\u0131, yar\u0131n devletin g\u00fcvenlik d\u00fczeninin par\u00e7as\u0131 olabilmektedir.<\/p>\n<p style=\"text-align: justify;\">Sava\u015f\u0131n en b\u00fcy\u00fck ironisi budur:<\/p>\n<p style=\"text-align: justify;\">D\u00fc\u015fman yaln\u0131zca yenilmez.<\/p>\n<p style=\"text-align: justify;\">Bazen yeniden tan\u0131mlan\u0131r.<\/p>\n<p style=\"text-align: justify;\">Bazen yeniden \u00f6rg\u00fctlenir.<\/p>\n<p style=\"text-align: justify;\">Bazen ba\u015fka bir devletin \u00fcniformas\u0131n\u0131 giyer.<\/p>\n<p style=\"text-align: justify;\">Ve bazen elli y\u0131l boyunca kar\u015f\u0131s\u0131nda sava\u015ft\u0131\u011f\u0131 d\u00fczenin b\u00f6lgesel g\u00fcvenlik mimarisinin dolayl\u0131 bir par\u00e7as\u0131 haline gelir.<\/p>\n<p style=\"text-align: justify;\">\u0130\u015fte bu nedenle art\u0131k yaln\u0131zca:<\/p>\n<p style=\"text-align: justify;\">\u201cPKK ne yapt\u0131?\u201d diye sormuyoruz.<\/p>\n<p style=\"text-align: justify;\">As\u0131l soru \u015fudur:<\/p>\n<p style=\"text-align: justify;\">\u201cPKK&#8217;nin yapt\u0131klar\u0131 sonunda kimin i\u015fine yarad\u0131?\u201d<\/p>\n<p style=\"text-align: justify;\">Bizim cevab\u0131m\u0131z de\u011fi\u015fmedi:<\/p>\n<p style=\"text-align: justify;\">Tarih niyetlerden \u00e7ok sonu\u00e7larla hesapla\u015f\u0131r.<\/p>\n<p style=\"text-align: justify;\">\u0130\u00e7eride elli y\u0131l boyunca yanan ate\u015f, sonunda T\u00fcrkiye&#8217;nin b\u00f6lgesel g\u00fc\u00e7 kapasitesinin yak\u0131tlar\u0131ndan birine d\u00f6n\u00fc\u015fm\u00fc\u015ft\u00fcr. Ve \u015fimdi o ate\u015fin son k\u0131v\u0131lc\u0131mlar\u0131 da yeni bir jeopolitik d\u00fczenin i\u00e7erisinde yeniden \u015fekillendirilmektedir.<\/p>\n<p style=\"text-align: justify;\">PKK&#8217;nin elli y\u0131ll\u0131k <strong>\u201cseferi\u201d<\/strong>, sonunda T\u00fcrkiye me\u015fruiyetinin ve b\u00f6lgesel g\u00fc\u00e7 y\u00fcr\u00fcy\u00fc\u015f\u00fcn\u00fcn kald\u0131ra\u00e7lar\u0131ndan birine d\u00f6n\u00fc\u015fm\u00fc\u015ft\u00fcr.<\/p>\n<p style=\"text-align: justify;\">\n<p style=\"text-align: justify;\"><strong>Sonu\u00e7 ve Yurtsever Sorumluluk<\/strong><\/p>\n<p style=\"text-align: justify;\">K\u0131sacas\u0131 biz <strong>\u00d6calan&#8217;\u0131n bir T.C. ajan\u0131<\/strong> oldu\u011funu ve geli\u015fmekte olan K\u00fcrt ulusla\u015fmas\u0131n\u0131n \u00f6n\u00fcn\u00fc kesip, K\u00fcrdistan&#8217;\u0131n \u00f6teki par\u00e7alar\u0131nda da ayn\u0131 anlay\u0131\u015f\u0131 hayata ge\u00e7irmek i\u00e7in <strong><em>PKK gibi paravan bir \u00f6rg\u00fct kurdurup<\/em><\/strong>, onu ba\u015f\u0131na oturttu\u011funu d\u00fc\u015f\u00fcn\u00fcyorum.<\/p>\n<p style=\"text-align: justify;\">Bununla T.C. hem ordusunu her t\u00fcrl\u00fc sava\u015f takti\u011fiyle e\u011fitmi\u015f oldu hem de hedefine ad\u0131m ad\u0131m yakla\u015fm\u0131\u015f oldu. <strong><em>\u00d6calan kendi a\u011fz\u0131yla \u00dclk\u00fc Ocaklar\u0131nda e\u011fitim g\u00f6rd\u00fc\u011f\u00fcn\u00fc s\u00f6ylemedi mi?<\/em><\/strong><\/p>\n<p style=\"text-align: justify;\">Bir so\u011fuk sava\u015f aparat\u0131 olarak kurgulanan Apoist hareket da\u011f\u0131t\u0131lan son gladyo \u00f6rg\u00fctlenmesi olarak i\u015flevini yerine getirmi\u015f olmas\u0131n m\u0131?<\/p>\n<p style=\"text-align: justify;\">Velhas\u0131l diyece\u011fimiz \u015fu ki; s\u00f6m\u00fcrgecilerimizin hedefi ve ama\u00e7lar\u0131 ortadad\u0131r. Yapt\u0131\u011f\u0131m\u0131z t\u00fcm bu tespitler ve ortaya koydu\u011fumuz jeopolitik tablo bu yal\u0131n ger\u00e7e\u011fi do\u011frulamaktad\u0131r.<\/p>\n<p style=\"text-align: justify;\"><strong><em>\u00d6yleyse ne yapmal\u0131y\u0131z?<\/em><\/strong><\/p>\n<p style=\"text-align: justify;\"><strong><em>Ulusal yurtseverler olarak daha fazla vakit kaybetmeden ciddi bir \u00f6rg\u00fctlemeye gitmeliyiz. Belimizi b\u00fcken biz yurtseverlerin ana \u00e7\u0131kmaz\u0131 \u00f6rg\u00fcts\u00fczl\u00fck, \u00f6rg\u00fcts\u00fczl\u00fck, yine \u00f6rg\u00fcts\u00fczl\u00fckt\u00fcr.<\/em><\/strong><\/p>\n<p style=\"text-align: justify;\">\n<p style=\"text-align: justify;\">\n","protected":false},"excerpt":{"rendered":"<p>2. B\u00f6l\u00fcm: PKK&#8217;den geriye kalan insan kayna\u011f\u0131 ve \u00f6rg\u00fctsel kapasite hangi yeni b\u00f6lgesel d\u00fczen i\u00e7erisinde kullan\u0131lacak? B\u00f6l\u00fcmde ele ald\u0131\u011f\u0131m\u0131z PKK&#8217;nin y\u00f6netile bilir tehdit olmas\u0131 meselesiydi. PKK tehdidi, devletin g\u00fcvenlik b\u00fcrokrasisinin geni\u015flemesine ve g\u00fcvenlik\u00e7i y\u00f6netim anlay\u0131\u015f\u0131n\u0131n toplum \u00fczerindeki a\u011f\u0131rl\u0131\u011f\u0131n\u0131n artmas\u0131na \u00f6nemli \u00f6l\u00e7\u00fcde katk\u0131da bulundu. Orwell&#8217;in 1984 roman\u0131na yapt\u0131\u011f\u0131m\u0131z g\u00f6nderme de rejimin birebir ayn\u0131 oldu\u011fu iddias\u0131 de\u011fildir. [&hellip;]<\/p>\n","protected":false},"author":2,"featured_media":1039244,"comment_status":"closed","ping_status":"closed","sticky":false,"template":"","format":"standard","meta":{"footnotes":""},"categories":[26],"tags":[],"class_list":["post-1039248","post","type-post","status-publish","format-standard","has-post-thumbnail","hentry","category-forum"],"blocksy_meta":{"styles_descriptor":{"styles":{"desktop":"","tablet":"","mobile":""},"google_fonts":[],"version":8}},"seo_head":"<!-- This site is optimized with the Yoast SEO plugin v28.4 - https:\/\/yoast.com\/product\/yoast-seo-wordpress\/ -->\n<title>Kontroll\u00fc Sava\u015ftan B\u00f6lgesel D\u00fczen Kuruculu\u011funa - Darka Mazi<\/title>\n<meta name=\"robots\" content=\"index, follow, max-snippet:-1, max-image-preview:large, max-video-preview:-1\" \/>\n<link rel=\"canonical\" href=\"https:\/\/darkamazi.site\/archives\/1039248\" \/>\n<meta property=\"og:locale\" content=\"en_US\" \/>\n<meta property=\"og:type\" content=\"article\" \/>\n<meta property=\"og:title\" content=\"Kontroll\u00fc Sava\u015ftan B\u00f6lgesel D\u00fczen Kuruculu\u011funa - Darka Mazi\" \/>\n<meta property=\"og:description\" content=\"2. B\u00f6l\u00fcm: PKK&#8217;den geriye kalan insan kayna\u011f\u0131 ve \u00f6rg\u00fctsel kapasite hangi yeni b\u00f6lgesel d\u00fczen i\u00e7erisinde kullan\u0131lacak? B\u00f6l\u00fcmde ele ald\u0131\u011f\u0131m\u0131z PKK&#8217;nin y\u00f6netile bilir tehdit olmas\u0131 meselesiydi. PKK tehdidi, devletin g\u00fcvenlik b\u00fcrokrasisinin geni\u015flemesine ve g\u00fcvenlik\u00e7i y\u00f6netim anlay\u0131\u015f\u0131n\u0131n toplum \u00fczerindeki a\u011f\u0131rl\u0131\u011f\u0131n\u0131n artmas\u0131na \u00f6nemli \u00f6l\u00e7\u00fcde katk\u0131da bulundu. Orwell&#8217;in 1984 roman\u0131na yapt\u0131\u011f\u0131m\u0131z g\u00f6nderme de rejimin birebir ayn\u0131 oldu\u011fu iddias\u0131 de\u011fildir. [&hellip;]\" \/>\n<meta property=\"og:url\" content=\"https:\/\/darkamazi.site\/archives\/1039248\" \/>\n<meta property=\"og:site_name\" content=\"Darka Mazi\" \/>\n<meta property=\"article:publisher\" content=\"https:\/\/www.facebook.com\/DarkaMaziturkce\" \/>\n<meta property=\"article:published_time\" content=\"2026-09-05T11:04:08+00:00\" \/>\n<meta property=\"og:image\" content=\"https:\/\/darkamazi.site\/file\/2026\/09\/Husamettinpsd.jpg\" \/>\n\t<meta property=\"og:image:width\" content=\"900\" \/>\n\t<meta property=\"og:image:height\" content=\"497\" \/>\n\t<meta property=\"og:image:type\" content=\"image\/jpeg\" \/>\n<meta name=\"author\" content=\"darka mazi\" \/>\n<meta name=\"twitter:card\" content=\"summary_large_image\" \/>\n<meta name=\"twitter:creator\" content=\"@DarkaMaziTurkce\" \/>\n<meta name=\"twitter:site\" content=\"@DarkaMaziTurkce\" \/>\n<meta name=\"twitter:label1\" content=\"Written by\" \/>\n\t<meta name=\"twitter:data1\" content=\"darka mazi\" \/>\n\t<meta name=\"twitter:label2\" content=\"Est. reading time\" \/>\n\t<meta name=\"twitter:data2\" content=\"10 minutes\" \/>\n<script type=\"application\/ld+json\" class=\"seo-schema-graph\">{\"@context\":\"https:\\\/\\\/schema.org\",\"@graph\":[{\"@type\":\"NewsArticle\",\"@id\":\"https:\\\/\\\/darkamazi.site\\\/archives\\\/1039248#article\",\"isPartOf\":{\"@id\":\"https:\\\/\\\/darkamazi.site\\\/archives\\\/1039248\"},\"author\":{\"name\":\"darka mazi\",\"@id\":\"https:\\\/\\\/darkamazi.site\\\/#\\\/schema\\\/person\\\/67986a95ac546c16760365877ef4a9d3\"},\"headline\":\"Kontroll\u00fc Sava\u015ftan B\u00f6lgesel D\u00fczen Kuruculu\u011funa\",\"datePublished\":\"2026-09-05T11:04:08+00:00\",\"mainEntityOfPage\":{\"@id\":\"https:\\\/\\\/darkamazi.site\\\/archives\\\/1039248\"},\"wordCount\":3160,\"publisher\":{\"@id\":\"https:\\\/\\\/darkamazi.site\\\/#organization\"},\"image\":{\"@id\":\"https:\\\/\\\/darkamazi.site\\\/archives\\\/1039248#primaryimage\"},\"thumbnailUrl\":\"https:\\\/\\\/darkamazi.site\\\/darka-content\\\/uploads\\\/2026\\\/09\\\/Husamettinpsd.jpg\",\"articleSection\":[\"Forum\"],\"inLanguage\":\"en-US\"},{\"@type\":\"WebPage\",\"@id\":\"https:\\\/\\\/darkamazi.site\\\/archives\\\/1039248\",\"url\":\"https:\\\/\\\/darkamazi.site\\\/archives\\\/1039248\",\"name\":\"Kontroll\u00fc Sava\u015ftan B\u00f6lgesel D\u00fczen Kuruculu\u011funa - Darka Mazi\",\"isPartOf\":{\"@id\":\"https:\\\/\\\/darkamazi.site\\\/#website\"},\"primaryImageOfPage\":{\"@id\":\"https:\\\/\\\/darkamazi.site\\\/archives\\\/1039248#primaryimage\"},\"image\":{\"@id\":\"https:\\\/\\\/darkamazi.site\\\/archives\\\/1039248#primaryimage\"},\"thumbnailUrl\":\"https:\\\/\\\/darkamazi.site\\\/darka-content\\\/uploads\\\/2026\\\/09\\\/Husamettinpsd.jpg\",\"datePublished\":\"2026-09-05T11:04:08+00:00\",\"breadcrumb\":{\"@id\":\"https:\\\/\\\/darkamazi.site\\\/archives\\\/1039248#breadcrumb\"},\"inLanguage\":\"en-US\",\"potentialAction\":[{\"@type\":\"ReadAction\",\"target\":[\"https:\\\/\\\/darkamazi.site\\\/archives\\\/1039248\"]}]},{\"@type\":\"ImageObject\",\"inLanguage\":\"en-US\",\"@id\":\"https:\\\/\\\/darkamazi.site\\\/archives\\\/1039248#primaryimage\",\"url\":\"https:\\\/\\\/darkamazi.site\\\/darka-content\\\/uploads\\\/2026\\\/09\\\/Husamettinpsd.jpg\",\"contentUrl\":\"https:\\\/\\\/darkamazi.site\\\/darka-content\\\/uploads\\\/2026\\\/09\\\/Husamettinpsd.jpg\",\"width\":900,\"height\":497,\"caption\":\"2. B\u00f6l\u00fcm: PKK'den geriye kalan insan kayna\u011f\u0131 ve \u00f6rg\u00fctsel kapasite hangi yeni b\u00f6lgesel d\u00fczen i\u00e7erisinde kullan\u0131lacak?\"},{\"@type\":\"BreadcrumbList\",\"@id\":\"https:\\\/\\\/darkamazi.site\\\/archives\\\/1039248#breadcrumb\",\"itemListElement\":[{\"@type\":\"ListItem\",\"position\":1,\"name\":\"Home\",\"item\":\"https:\\\/\\\/darkamazi.site\\\/\"},{\"@type\":\"ListItem\",\"position\":2,\"name\":\"Kontroll\u00fc Sava\u015ftan B\u00f6lgesel D\u00fczen Kuruculu\u011funa\"}]},{\"@type\":\"WebSite\",\"@id\":\"https:\\\/\\\/darkamazi.site\\\/#website\",\"url\":\"https:\\\/\\\/darkamazi.site\\\/\",\"name\":\"Darka Mazi\",\"description\":\"Ana Sayfa\",\"publisher\":{\"@id\":\"https:\\\/\\\/darkamazi.site\\\/#organization\"},\"potentialAction\":[{\"@type\":\"SearchAction\",\"target\":{\"@type\":\"EntryPoint\",\"urlTemplate\":\"https:\\\/\\\/darkamazi.site\\\/?s={search_term_string}\"},\"query-input\":{\"@type\":\"PropertyValueSpecification\",\"valueRequired\":true,\"valueName\":\"search_term_string\"}}],\"inLanguage\":\"en-US\"},{\"@type\":\"Organization\",\"@id\":\"https:\\\/\\\/darkamazi.site\\\/#organization\",\"name\":\"Darka Mazi T\u00fcrk\u00e7e\",\"alternateName\":\"Darka Mazi\",\"url\":\"https:\\\/\\\/darkamazi.site\\\/\",\"logo\":{\"@type\":\"ImageObject\",\"inLanguage\":\"en-US\",\"@id\":\"https:\\\/\\\/darkamazi.site\\\/#\\\/schema\\\/logo\\\/image\\\/\",\"url\":\"https:\\\/\\\/darkamazi.site\\\/darka-content\\\/uploads\\\/2017\\\/12\\\/darka-mazi-logo.png\",\"contentUrl\":\"https:\\\/\\\/darkamazi.site\\\/darka-content\\\/uploads\\\/2017\\\/12\\\/darka-mazi-logo.png\",\"width\":151,\"height\":75,\"caption\":\"Darka Mazi T\u00fcrk\u00e7e\"},\"image\":{\"@id\":\"https:\\\/\\\/darkamazi.site\\\/#\\\/schema\\\/logo\\\/image\\\/\"},\"sameAs\":[\"https:\\\/\\\/www.facebook.com\\\/DarkaMaziturkce\",\"https:\\\/\\\/x.com\\\/DarkaMaziTurkce\"]},{\"@type\":\"Person\",\"@id\":\"https:\\\/\\\/darkamazi.site\\\/#\\\/schema\\\/person\\\/67986a95ac546c16760365877ef4a9d3\",\"name\":\"darka mazi\",\"sameAs\":[\"https:\\\/\\\/darkamazi.site\"],\"url\":\"https:\\\/\\\/darkamazi.site\\\/archives\\\/author\\\/turkish\"}]}<\/script>\n<!-- \/ Yoast SEO plugin. -->","seo_head_json":{"title":"Kontroll\u00fc Sava\u015ftan B\u00f6lgesel D\u00fczen Kuruculu\u011funa - Darka Mazi","robots":{"index":"index","follow":"follow","max-snippet":"max-snippet:-1","max-image-preview":"max-image-preview:large","max-video-preview":"max-video-preview:-1"},"canonical":"https:\/\/darkamazi.site\/archives\/1039248","og_locale":"en_US","og_type":"article","og_title":"Kontroll\u00fc Sava\u015ftan B\u00f6lgesel D\u00fczen Kuruculu\u011funa - Darka Mazi","og_description":"2. B\u00f6l\u00fcm: PKK&#8217;den geriye kalan insan kayna\u011f\u0131 ve \u00f6rg\u00fctsel kapasite hangi yeni b\u00f6lgesel d\u00fczen i\u00e7erisinde kullan\u0131lacak? B\u00f6l\u00fcmde ele ald\u0131\u011f\u0131m\u0131z PKK&#8217;nin y\u00f6netile bilir tehdit olmas\u0131 meselesiydi. PKK tehdidi, devletin g\u00fcvenlik b\u00fcrokrasisinin geni\u015flemesine ve g\u00fcvenlik\u00e7i y\u00f6netim anlay\u0131\u015f\u0131n\u0131n toplum \u00fczerindeki a\u011f\u0131rl\u0131\u011f\u0131n\u0131n artmas\u0131na \u00f6nemli \u00f6l\u00e7\u00fcde katk\u0131da bulundu. Orwell&#8217;in 1984 roman\u0131na yapt\u0131\u011f\u0131m\u0131z g\u00f6nderme de rejimin birebir ayn\u0131 oldu\u011fu iddias\u0131 de\u011fildir. [&hellip;]","og_url":"https:\/\/darkamazi.site\/archives\/1039248","og_site_name":"Darka Mazi","article_publisher":"https:\/\/www.facebook.com\/DarkaMaziturkce","article_published_time":"2026-09-05T11:04:08+00:00","og_image":[{"width":900,"height":497,"url":"https:\/\/darkamazi.site\/file\/2026\/09\/Husamettinpsd.jpg","type":"image\/jpeg"}],"author":"darka mazi","twitter_card":"summary_large_image","twitter_creator":"@DarkaMaziTurkce","twitter_site":"@DarkaMaziTurkce","twitter_misc":{"Written by":"darka mazi","Est. reading time":"10 minutes"},"schema":{"@context":"https:\/\/schema.org","@graph":[{"@type":"NewsArticle","@id":"https:\/\/darkamazi.site\/archives\/1039248#article","isPartOf":{"@id":"https:\/\/darkamazi.site\/archives\/1039248"},"author":{"name":"darka mazi","@id":"https:\/\/darkamazi.site\/#\/schema\/person\/67986a95ac546c16760365877ef4a9d3"},"headline":"Kontroll\u00fc Sava\u015ftan B\u00f6lgesel D\u00fczen Kuruculu\u011funa","datePublished":"2026-09-05T11:04:08+00:00","mainEntityOfPage":{"@id":"https:\/\/darkamazi.site\/archives\/1039248"},"wordCount":3160,"publisher":{"@id":"https:\/\/darkamazi.site\/#organization"},"image":{"@id":"https:\/\/darkamazi.site\/archives\/1039248#primaryimage"},"thumbnailUrl":"https:\/\/darkamazi.site\/file\/2026\/09\/Husamettinpsd.jpg","articleSection":["Forum"],"inLanguage":"en-US"},{"@type":"WebPage","@id":"https:\/\/darkamazi.site\/archives\/1039248","url":"https:\/\/darkamazi.site\/archives\/1039248","name":"Kontroll\u00fc Sava\u015ftan B\u00f6lgesel D\u00fczen Kuruculu\u011funa - Darka Mazi","isPartOf":{"@id":"https:\/\/darkamazi.site\/#website"},"primaryImageOfPage":{"@id":"https:\/\/darkamazi.site\/archives\/1039248#primaryimage"},"image":{"@id":"https:\/\/darkamazi.site\/archives\/1039248#primaryimage"},"thumbnailUrl":"https:\/\/darkamazi.site\/file\/2026\/09\/Husamettinpsd.jpg","datePublished":"2026-09-05T11:04:08+00:00","breadcrumb":{"@id":"https:\/\/darkamazi.site\/archives\/1039248#breadcrumb"},"inLanguage":"en-US","potentialAction":[{"@type":"ReadAction","target":["https:\/\/darkamazi.site\/archives\/1039248"]}]},{"@type":"ImageObject","inLanguage":"en-US","@id":"https:\/\/darkamazi.site\/archives\/1039248#primaryimage","url":"https:\/\/darkamazi.site\/file\/2026\/09\/Husamettinpsd.jpg","contentUrl":"https:\/\/darkamazi.site\/file\/2026\/09\/Husamettinpsd.jpg","width":900,"height":497,"caption":"2. B\u00f6l\u00fcm: PKK'den geriye kalan insan kayna\u011f\u0131 ve \u00f6rg\u00fctsel kapasite hangi yeni b\u00f6lgesel d\u00fczen i\u00e7erisinde kullan\u0131lacak?"},{"@type":"BreadcrumbList","@id":"https:\/\/darkamazi.site\/archives\/1039248#breadcrumb","itemListElement":[{"@type":"ListItem","position":1,"name":"Home","item":"https:\/\/darkamazi.site\/"},{"@type":"ListItem","position":2,"name":"Kontroll\u00fc Sava\u015ftan B\u00f6lgesel D\u00fczen Kuruculu\u011funa"}]},{"@type":"WebSite","@id":"https:\/\/darkamazi.site\/#website","url":"https:\/\/darkamazi.site\/","name":"Darka Mazi","description":"Ana Sayfa","publisher":{"@id":"https:\/\/darkamazi.site\/#organization"},"potentialAction":[{"@type":"SearchAction","target":{"@type":"EntryPoint","urlTemplate":"https:\/\/darkamazi.site\/?s={search_term_string}"},"query-input":{"@type":"PropertyValueSpecification","valueRequired":true,"valueName":"search_term_string"}}],"inLanguage":"en-US"},{"@type":"Organization","@id":"https:\/\/darkamazi.site\/#organization","name":"Darka Mazi T\u00fcrk\u00e7e","alternateName":"Darka Mazi","url":"https:\/\/darkamazi.site\/","logo":{"@type":"ImageObject","inLanguage":"en-US","@id":"https:\/\/darkamazi.site\/#\/schema\/logo\/image\/","url":"https:\/\/darkamazi.site\/file\/2017\/12\/darka-mazi-logo.png","contentUrl":"https:\/\/darkamazi.site\/file\/2017\/12\/darka-mazi-logo.png","width":151,"height":75,"caption":"Darka Mazi T\u00fcrk\u00e7e"},"image":{"@id":"https:\/\/darkamazi.site\/#\/schema\/logo\/image\/"},"sameAs":["https:\/\/www.facebook.com\/DarkaMaziturkce","https:\/\/x.com\/DarkaMaziTurkce"]},{"@type":"Person","@id":"https:\/\/darkamazi.site\/#\/schema\/person\/67986a95ac546c16760365877ef4a9d3","name":"darka mazi","sameAs":["https:\/\/darkamazi.site"],"url":"https:\/\/darkamazi.site\/archives\/author\/turkish"}]}},"_links":{"self":[{"href":"https:\/\/darkamazi.site\/funavuv\/wp\/v2\/posts\/1039248","targetHints":{"allow":["GET"]}}],"collection":[{"href":"https:\/\/darkamazi.site\/funavuv\/wp\/v2\/posts"}],"about":[{"href":"https:\/\/darkamazi.site\/funavuv\/wp\/v2\/types\/post"}],"author":[{"embeddable":true,"href":"https:\/\/darkamazi.site\/funavuv\/wp\/v2\/users\/2"}],"replies":[{"embeddable":true,"href":"https:\/\/darkamazi.site\/funavuv\/wp\/v2\/comments?post=1039248"}],"version-history":[{"count":1,"href":"https:\/\/darkamazi.site\/funavuv\/wp\/v2\/posts\/1039248\/revisions"}],"predecessor-version":[{"id":1039249,"href":"https:\/\/darkamazi.site\/funavuv\/wp\/v2\/posts\/1039248\/revisions\/1039249"}],"wp:featuredmedia":[{"embeddable":true,"href":"https:\/\/darkamazi.site\/funavuv\/wp\/v2\/media\/1039244"}],"wp:attachment":[{"href":"https:\/\/darkamazi.site\/funavuv\/wp\/v2\/media?parent=1039248"}],"wp:term":[{"taxonomy":"category","embeddable":true,"href":"https:\/\/darkamazi.site\/funavuv\/wp\/v2\/categories?post=1039248"},{"taxonomy":"post_tag","embeddable":true,"href":"https:\/\/darkamazi.site\/funavuv\/wp\/v2\/tags?post=1039248"}],"curies":[{"name":"wp","href":"https:\/\/api.w.org\/{rel}","templated":true}]}}