{"id":1039254,"date":"2026-09-05T14:51:16","date_gmt":"2026-09-05T11:51:16","guid":{"rendered":"https:\/\/darkamazi.site\/?p=1039254"},"modified":"2026-09-05T14:51:16","modified_gmt":"2026-09-05T11:51:16","slug":"fesih-zinciri-pkkdan-sdgye-bireysel-ikameden-kolektif-taninmaya-uzanan-bosluk","status":"publish","type":"post","link":"https:\/\/darkamazi.site\/archives\/1039254","title":{"rendered":"Fesih Zinciri: PKK&#8217;dan SDG&#8217;ye, Bireysel \u0130kameden Kolektif Tan\u0131nmaya Uzanan Bo\u015fluk"},"content":{"rendered":"<p style=\"text-align: justify;\"><strong>Giri\u015f<\/strong><\/p>\n<p style=\"text-align: justify;\">25 A\u011fustos 2026, K\u00fcrt siyasi tarihi a\u00e7\u0131s\u0131ndan \u00e7arp\u0131c\u0131 bir \u00e7ak\u0131\u015fmaya sahne olmu\u015ftur: ayn\u0131 g\u00fcn, bir yandan \u0130mral\u0131&#8217;dan Abdullah \u00d6calan&#8217;a atfedilen bir a\u00e7\u0131klama kamuoyuna yans\u0131m\u0131\u015f, di\u011fer yandan Suriye&#8217;nin kuzeydo\u011fusunda SDG\/YPG&#8217;nin feshedildi\u011fi ve Suriye devlet kurumlar\u0131na entegrasyonun tamamland\u0131\u011f\u0131 duyurulmu\u015ftur. T\u00fcrkiye bas\u0131n\u0131nda bu ard\u0131\u015f\u0131kl\u0131k \u201cPKK&#8217;dan SDG\/YPG&#8217;ye fesih zinciri\u201d olarak adland\u0131r\u0131lm\u0131\u015ft\u0131r. Bu makale, serinin \u00f6nceki \u00fc\u00e7 par\u00e7as\u0131nda geli\u015ftirilen \u00e7er\u00e7eveyi \u2014 kurumsal\/anayasal g\u00fcvence ile siyasi irade\/s\u00f6ze dayal\u0131 d\u00fczenleme aras\u0131ndaki fark \u2014 bu iki paralel s\u00fcrece uygulayarak, \u201cfesih zinciri\u201dnin her iki cephede de ayn\u0131 yap\u0131sal bo\u015flu\u011fu ta\u015f\u0131y\u0131p ta\u015f\u0131mad\u0131\u011f\u0131n\u0131 sorgulamaktad\u0131r.<\/p>\n<p style=\"text-align: justify;\">\u00c7al\u0131\u015fman\u0131n \u00e7\u0131k\u0131\u015f noktas\u0131, \u00f6nceki makalede tespit edilen bir g\u00f6zlemin ileri g\u00f6t\u00fcr\u00fclmesidir: Rojava&#8217;da kolektif\/anayasal tan\u0131nma yerine bireysel d\u00fczeyde bir ikame sunulmu\u015ftur (Mazlum Abdi&#8217;nin cumhurba\u015fkanl\u0131\u011f\u0131 dan\u0131\u015fmanl\u0131\u011f\u0131na, \u0130lham Ahmed&#8217;in Halk Meclisi&#8217;ne atanmas\u0131). Bu makalede sorulan soru \u015fudur: T\u00fcrkiye&#8217;deki \u201cTer\u00f6rs\u00fcz T\u00fcrkiye\u201d s\u00fcrecinde benzer bir bireysel ikame var m\u0131d\u0131r, yoksa bu s\u00fcre\u00e7, Rojava&#8217;dakinden de dar bir \u00e7er\u00e7evede mi ilerlemektedir?<\/p>\n<h3 style=\"text-align: justify;\"><strong>1. PKK&#8217;n\u0131n Kendi Feshi: May\u0131s 2025&#8217;ten A\u011fustos 2026 Yasas\u0131na<\/strong><\/h3>\n<p style=\"text-align: justify;\">S\u00fcre\u00e7, 5-7 May\u0131s 2025 tarihlerinde toplanan PKK&#8217;n\u0131n 12. Kongresi&#8217;nde \u00f6rg\u00fct\u00fcn kendi kendini feshetti\u011fini ilan etmesiyle ba\u015flam\u0131\u015ft\u0131r. Bunun ard\u0131ndan TBMM&#8217;de, s\u00fcrecin yol haritas\u0131n\u0131 belirlemek amac\u0131yla Mill\u00ee Dayan\u0131\u015fma, Karde\u015flik ve Demokrasi Komisyonu kurulmu\u015f; komisyon 21 toplant\u0131 d\u00fczenlemi\u015f, 137 ki\u015fiyi (akademisyenler, d\u00fc\u015f\u00fcnce kurulu\u015flar\u0131, sivil toplum temsilcileri) dinlemi\u015f ve 18 \u015eubat 2026&#8217;da nihai raporunu kamuoyuyla payla\u015fm\u0131\u015ft\u0131r.<\/p>\n<p style=\"text-align: justify;\">Bu isti\u015fare s\u00fcrecinin somut hukuki \u00fcr\u00fcn\u00fc, 10 A\u011fustos 2026&#8217;da TBMM Genel Kurulu&#8217;nda 467 oyla kabul edilen \u201cMill\u00ee Dayan\u0131\u015fma ve Toplumsal B\u00fct\u00fcnle\u015fmenin G\u00fc\u00e7lendirilmesine Dair Kanun\u201d (No. 7595) olmu\u015ftur. Yasan\u0131n y\u00fcr\u00fcrl\u00fc\u011fe girmesi, s\u00fcrecin tamamland\u0131\u011f\u0131 anlam\u0131na gelmemekte; as\u0131l uygulama a\u015famas\u0131 olan silah b\u0131rakma ve \u00f6rg\u00fct\u00fcn fiilen tasfiyesinin g\u00fcvenlik kurumlar\u0131nca tespiti ile Mill\u00ee G\u00fcvenlik Kurulu&#8217;nun (MGK) fesih karar\u0131n\u0131n Resm\u00ee Gazete&#8217;de yay\u0131mlanmas\u0131ndan sonra ba\u015flayaca\u011f\u0131 \u00f6ng\u00f6r\u00fclmektedir. Silahlar\u0131n Irak&#8217;taki Erbil ve S\u00fcleymaniye&#8217;de olu\u015fturulan \u00f6zel merkezlere teslim edilmesi, Kandil&#8217;in bo\u015falt\u0131lmas\u0131 gibi ad\u0131mlar\u0131n Eyl\u00fcl 2026 sonuna kadar tamamlanmas\u0131, MGK karar\u0131n\u0131n ve buna ba\u011fl\u0131 hukuki uygulamalar\u0131n ise Ekim 2026&#8217;da ba\u015flamas\u0131 beklenmektedir.<\/p>\n<h2 style=\"text-align: justify;\"><strong>2. Yasan\u0131n Kapsam\u0131: Kimin \u0130\u00e7in, Ne Kadar?<\/strong><\/h2>\n<p style=\"text-align: justify;\">7595 say\u0131l\u0131 Kanun&#8217;un sundu\u011fu somut kazan\u0131m, anayasal ya da siyasi bir stat\u00fc de\u011fil, bireysel d\u00fczeyde bir hukuki mekanizmad\u0131r: 15 y\u0131ldan fazla hapis cezas\u0131n\u0131 gerektiren su\u00e7larda 10 y\u0131l, 15 y\u0131l veya daha az hapis cezas\u0131n\u0131 gerektiren su\u00e7larda 5 y\u0131l ceza ertelemesi; erteleme s\u00fcresince soru\u015fturmalar\u0131n durmas\u0131, a\u00e7\u0131lm\u0131\u015f davalar\u0131n ask\u0131ya al\u0131nmas\u0131 ve uygun ko\u015fullar\u0131 ta\u015f\u0131yanlar i\u00e7in tahliye. Ancak bu mekanizman\u0131n kapsam\u0131 son derece s\u0131n\u0131rl\u0131d\u0131r: d\u00fczenleme yaln\u0131zca PKK ve KCK mensuplar\u0131n\u0131 kapsamakta, Abdullah \u00d6calan ba\u015fta olmak \u00fczere \u00f6rg\u00fct\u00fcn kurucu ve eleba\u015f\u0131 kadrosundan cezaevlerinde bulunan yakla\u015f\u0131k 900 ki\u015fi bu haktan a\u00e7\u0131k\u00e7a istisna tutulmaktad\u0131r.<\/p>\n<p style=\"text-align: justify;\">Bu noktada Rojava ile kar\u015f\u0131la\u015ft\u0131rma yap\u0131ld\u0131\u011f\u0131nda ortaya \u00e7\u0131kan tablo, bir benzerlikten \u00e7ok bir keskin farkl\u0131la\u015fmad\u0131r. Rojava&#8217;da, kolektif\/anayasal tan\u0131nma sa\u011flanmasa da, hareketin en \u00fcst d\u00fczey iki ismi (Mazlum Abdi, \u0130lham Ahmed) i\u00e7in somut bireysel bir ikame sunulmu\u015ftur: cumhurba\u015fkanl\u0131\u011f\u0131 dan\u0131\u015fmanl\u0131\u011f\u0131 ve parlamento \u00fcyeli\u011fi gibi kurumsal mevkiler. T\u00fcrkiye&#8217;deki s\u00fcrecte ise, hareketin sembolik lideri ve karar alma zincirinin en \u00fcst noktas\u0131nda yer alan isim, tam da bu t\u00fcrden bireysel hukuki kazan\u0131mlar\u0131n \u2014 cezas\u0131n\u0131n ertelenmesi, tahliyesi \u2014 kapsam\u0131 d\u0131\u015f\u0131nda b\u0131rak\u0131lmaktad\u0131r. Yani Rojava&#8217;da kolektif tan\u0131nma yoksa da bireysel ikame mevcutken, T\u00fcrkiye&#8217;de kolektif tan\u0131nma yoktur ve bireysel hukuki \u00e7\u00f6z\u00fcm de, s\u00fcrecin en kritik akt\u00f6r\u00fc i\u00e7in, a\u00e7\u0131k\u00e7a devre d\u0131\u015f\u0131 b\u0131rak\u0131lm\u0131\u015ft\u0131r.<\/p>\n<h3 style=\"text-align: justify;\"><strong>3. \u201cStat\u00fc\u201d S\u00f6z\u00fc ile Resmi \u0130nk\u00e2r Aras\u0131nda: 25 A\u011fustos&#8217;un \u00c7eli\u015fkisi<\/strong><\/h3>\n<p style=\"text-align: justify;\">Bu bo\u015flu\u011fu daha da g\u00f6r\u00fcn\u00fcr k\u0131lan geli\u015fme, tam da \u201cfesih zinciri\u201dnin ilan edildi\u011fi g\u00fcnlerde ya\u015fanm\u0131\u015ft\u0131r ve iki ayr\u0131 katmanda okunmal\u0131d\u0131r. Birinci katman, 20 A\u011fustos 2026&#8217;da Fransa merkezli bir televizyon kanal\u0131nda yay\u0131mlanan ve \u00d6calan ile \u0130mral\u0131 Heyeti aras\u0131nda 20 Temmuz-2 A\u011fustos tarihlerinde yap\u0131ld\u0131\u011f\u0131 \u00f6ne s\u00fcr\u00fclen g\u00f6r\u00fc\u015fmelere ait \u201ctutanaklar\u201dd\u0131r. Bu s\u0131z\u0131nt\u0131da \u00d6calan&#8217;a atfedilen \u201cAnayasa raftan inecek\u201d ifadesi yer almaktad\u0131r \u2014 yani anayasal d\u00fczeyde bir de\u011fi\u015fiklik vaadi. \u00d6calan, 25 A\u011fustos&#8217;ta bu s\u0131z\u0131nt\u0131y\u0131 \u201cs\u00fcreci akamete u\u011fratmaya \u00e7al\u0131\u015fan \u00e7evrelerin kendisine kar\u015f\u0131 bir komplosu\u201d olarak nitelendirerek reddetmi\u015ftir.<\/p>\n<p style=\"text-align: justify;\">\u0130kinci katman ise bundan tamamen ayr\u0131d\u0131r ve reddedilmemi\u015ftir: DEM Parti \u0130mral\u0131 Heyeti \u00fcyeleri, 20 A\u011fustos&#8217;ta d\u00fczenledikleri resmi bir bas\u0131n toplant\u0131s\u0131nda, \u00d6calan&#8217;\u0131n \u201cSilahs\u0131zlanma ve Siyasalla\u015fma Kurulu\u201dnda yer alaca\u011f\u0131n\u0131 bizzat ve a\u00e7\u0131k\u00e7a duyurmu\u015f; heyet \u00fcyesi Veysi Akta\u015f ise bunu \u201csiyasi iradenin \u00d6calan&#8217;\u0131n stat\u00fcs\u00fcn\u00fc kabul etmesi\u201d olarak yorumlam\u0131\u015ft\u0131r. Bu a\u00e7\u0131klama hi\u00e7bir taraf\u00e7a yalanlanmam\u0131\u015f, aksine s\u00fcrecin resmi bir par\u00e7as\u0131 olarak sunulmu\u015ftur.<\/p>\n<p style=\"text-align: justify;\">Bu iki katman\u0131n birlikte okunmas\u0131, asl\u0131nda s\u00fcrecin do\u011fas\u0131na dair \u00f6rt\u00fck de\u011fil a\u00e7\u0131k bir itiraf\u0131 ortaya koymaktad\u0131r: \u00d6calan&#8217;a tan\u0131nan \u201cstat\u00fc\u201d, kimsenin ink\u00e2r etmedi\u011fi, fiilen var olan bir \u015feydir \u2014 fakat bu stat\u00fc, bir kurul \u00fcyeli\u011finden, yani y\u00fcr\u00fctmenin kurdu\u011fu ve yine y\u00fcr\u00fctmenin la\u011fvedebilece\u011fi fonksiyonel bir g\u00f6revlendirmeden ibarettir. Buna kar\u015f\u0131l\u0131k, bu stat\u00fcn\u00fcn anayasal bir de\u011fi\u015fikli\u011fe, yani denetlenebilir ve geri al\u0131namaz bir hukuki g\u00fcvenceye d\u00f6n\u00fc\u015fece\u011fine dair herhangi bir i\u015faret, ortaya \u00e7\u0131kt\u0131\u011f\u0131 anda \u201ckomplo\u201d damgas\u0131yla reddedilmektedir. Ba\u015fka bir deyi\u015fle, s\u00fcrecin mimarlar\u0131, sembolik ve fonksiyonel bir stat\u00fcy\u00fc kabul etmeye haz\u0131rken, bunun anayasal bir kar\u015f\u0131l\u0131\u011fa d\u00f6n\u00fc\u015fme ihtimalini dile getirmeyi dahi tahamm\u00fcl edilemez bulmaktad\u0131r. Bu, \u201cstat\u00fc\u201d kelimesinin resmi s\u00f6ylemde ne kadar rahat kullan\u0131ld\u0131\u011f\u0131n\u0131, buna kar\u015f\u0131l\u0131k \u201cg\u00fcvence\u201d kelimesinin resmi s\u00f6ylemde ne kadar \u00f6zenle ka\u00e7\u0131n\u0131ld\u0131\u011f\u0131n\u0131 g\u00f6steren, serinin ba\u015f\u0131ndan beri i\u015flenen tezin belki de en \u00e7\u0131plak \u00f6rne\u011fidir.<\/p>\n<h3 style=\"text-align: justify;\"><strong>4. Kar\u015f\u0131la\u015ft\u0131rmal\u0131 Tablo: \u0130ki Cephede de Ayn\u0131 Yap\u0131sal Bo\u015fluk<\/strong><\/h3>\n<p style=\"text-align: justify;\">Serinin ilk \u00fc\u00e7 makalesinde kurulan \u00e7er\u00e7eveyi bu iki s\u00fcrece uygulad\u0131\u011f\u0131m\u0131zda, ortaya \u015fu tablo \u00e7\u0131kmaktad\u0131r: Korsika modelinde \u00f6zerklik, anayasa metnine i\u015flenmi\u015f, ba\u011f\u0131ms\u0131z yarg\u0131 organlar\u0131nca (Anayasa Konseyi, Dan\u0131\u015ftay) denetlenen bir g\u00fcvenceye dayanmaktad\u0131r. Rojava&#8217;da bu g\u00fcvence yoktur; bunun yerine \u00fc\u00e7 d\u00fczeyde siyasi\/idari d\u00fczenleme (uygulanmayan protokol, dayat\u0131lm\u0131\u015f entegrasyon anla\u015fmas\u0131, geri al\u0131nabilir kararname) ve iki ismin bireysel d\u00fczeyde sisteme dahil edilmesi s\u00f6z konusudur. T\u00fcrkiye&#8217;de ise durum daha da dard\u0131r: kolektif\/anayasal bir tan\u0131nma yoktur; bireysel hukuki mekanizma vard\u0131r ama s\u00fcrecin sembolik lideri bu mekanizman\u0131n kapsam\u0131 d\u0131\u015f\u0131ndad\u0131r; ona sunulan tek \u015fey, hukuki ba\u011flay\u0131c\u0131l\u0131\u011f\u0131 olmayan, a\u00e7\u0131k\u00e7a duyurulmu\u015f fakat sadece bir kurul \u00fcyeli\u011fi d\u00fczeyinde kalan fonksiyonel bir \u201cstat\u00fc\u201dd\u00fcr \u2014 bu stat\u00fcn\u00fcn anayasal bir kar\u015f\u0131l\u0131\u011fa evrilebilece\u011fi ihtimali ise, dile getirildi\u011fi anda \u201ckomplo\u201d olarak reddedilmektedir.<\/p>\n<p style=\"text-align: justify;\">Bu kar\u015f\u0131la\u015ft\u0131rma, \u201cfesih zinciri\u201d anlat\u0131s\u0131n\u0131n her iki cephede de farkl\u0131 derinliklerde ayn\u0131 yap\u0131sal sorunu ta\u015f\u0131d\u0131\u011f\u0131n\u0131 g\u00f6stermektedir: \u00f6rg\u00fctsel\/askeri yap\u0131lar\u0131n tasfiyesi h\u0131zla ilerlerken, bu tasfiyenin kar\u015f\u0131l\u0131\u011f\u0131nda sunulan siyasi\/hukuki g\u00fcvenceler \u2014 b\u0131rak\u0131n kolektif anayasal tan\u0131nmay\u0131 \u2014 bireysel d\u00fczeyde bile tutarl\u0131 ve denetlenebilir bir zemine oturmamaktad\u0131r.<\/p>\n<h1 style=\"text-align: justify;\"><strong>5. Taban \u00dczerindeki Bask\u0131:<\/strong><\/h1>\n<h5 style=\"text-align: justify;\"><strong>\u00a0<\/strong>Yukar\u0131daki hukuki\/kurumsal analizin \u00f6tesinde, s\u00fcrecin \u00f6rg\u00fct taban\u0131 \u00fczerindeki etkisine dair bir ba\u015fka okuma da dikkate de\u011ferdir. Bu okumaya g\u00f6re, \u00d6calan ve \u00fcst d\u00fczey y\u00f6netici kadronun s\u00fcrecin sundu\u011fu bireysel hukuki kazan\u0131mlardan bilin\u00e7li bi\u00e7imde d\u0131\u015far\u0131da tutulmas\u0131, yaln\u0131zca hukuki bir tercih de\u011fil, ayn\u0131 zamanda \u00f6rg\u00fct taban\u0131ndan gelebilecek olas\u0131 tepkileri \u00f6nceden da\u011f\u0131tma ve da\u011f\u0131n\u0131k tutmaya y\u00f6nelik bir y\u00f6ntem olarak da okunabilir. Bu yoruma g\u00f6re, kapsam\u0131n dar tutulmas\u0131, tabanda uzun s\u00fcredir dile getirilen \u201cy\u0131llard\u0131r s\u00fcrd\u00fcr\u00fclen m\u00fccadelenin kar\u015f\u0131l\u0131\u011f\u0131nda ne kazan\u0131ld\u0131\u201d sorusunun muhatap bulaca\u011f\u0131 kolektif, somut bir kazan\u0131m zeminini ortadan kald\u0131rmakta; bu da soruyu \u00f6rg\u00fctl\u00fc bir talebe d\u00f6n\u00fc\u015ft\u00fcrmek yerine, da\u011f\u0131n\u0131k ve bireysel bir ho\u015fnutsuzluk d\u00fczeyinde tutmaktad\u0131r.<\/h5>\n<p style=\"text-align: justify;\">Sahada g\u00f6zlemlenen tabloya g\u00f6re, bu durumun tabanda ciddi bir a\u015f\u0131nma ve g\u00fcven kayb\u0131 yaratt\u0131\u011f\u0131 ileri s\u00fcr\u00fclmektedir. Bu okuma, \u00f6nceki b\u00f6l\u00fcmlerde ortaya konan hukuki\/kurumsal analizle \u00e7eli\u015fmemekte, aksine onu tamamlamaktad\u0131r: kolektif\/anayasal g\u00fcvencenin yoklu\u011fu yaln\u0131zca soyut bir hukuki eksiklik de\u011fil, ayn\u0131 zamanda somut bir siyasi maliyet \u2014 taban\u0131n motivasyon kayb\u0131 ve harekete olan g\u00fcveninin sars\u0131lmas\u0131 \u2014 olarak da tezah\u00fcr etmektedir. Bu, makalenin genel tezini g\u00fc\u00e7lendiren bir boyuttur: kurumsal g\u00fcvenceden yoksun s\u00fcre\u00e7lerin k\u0131r\u0131lganl\u0131\u011f\u0131 yaln\u0131zca d\u0131\u015f akt\u00f6rlerin veya kar\u015f\u0131 taraf\u0131n niyet de\u011fi\u015fikli\u011finde de\u011fil, s\u00fcrecin kendi taban\u0131nda yaratt\u0131\u011f\u0131 a\u015f\u0131nmada da kendini g\u00f6stermektedir.<\/p>\n<h4 style=\"text-align: justify;\"><strong>Sonu\u00e7<\/strong><\/h4>\n<p style=\"text-align: justify;\">PKK&#8217;n\u0131n kendini feshi ile SDG\/YPG&#8217;nin feshi aras\u0131nda kurulan \u201czincir\u201d benzetmesi, sahadaki silahl\u0131 yap\u0131lar\u0131n tasfiyesi bak\u0131m\u0131ndan do\u011fru bir g\u00f6zlemdir. Ancak bu makalenin ortaya koydu\u011fu veriler, zincirin di\u011fer ucunda \u2014 siyasi ve hukuki kar\u015f\u0131l\u0131kta \u2014 bir simetri bulunmad\u0131\u011f\u0131n\u0131 g\u00f6stermektedir. Rojava&#8217;da kolektif tan\u0131nma yoktur, fakat hareketin \u00fcst d\u00fczey isimleri i\u00e7in somut bireysel bir ikame sa\u011flanm\u0131\u015ft\u0131r. T\u00fcrkiye&#8217;de ise kolektif tan\u0131nma yoktur; hareketin sembolik lideri, s\u00fcrecin sundu\u011fu somut hukuki kazan\u0131mlardan (ceza ertelemesi, tahliye) a\u00e7\u0131k\u00e7a istisna tutulmakta, buna kar\u015f\u0131l\u0131k kendisine yaln\u0131zca bir kurul \u00fcyeli\u011fi d\u00fczeyinde, hukuki ba\u011flay\u0131c\u0131l\u0131\u011f\u0131 olmayan bir \u201cstat\u00fc\u201d tan\u0131nmaktad\u0131r.<\/p>\n<p style=\"text-align: justify;\">Bu tablo, serinin ba\u015f\u0131ndan beri i\u015flenen ana tezi bir kez daha do\u011frulamaktad\u0131r: s\u0131n\u0131rlar\u0131 \u00f6nceden \u00e7izilmi\u015f, anayasal ve yarg\u0131sal denetime tabi bir \u00f6zerklik modeli (Korsika) ile fiili duruma, askeri dengeye ve siyasi iradeye dayanan d\u00fczenlemeler (Rojava, T\u00fcrkiye) aras\u0131ndaki fark, yaln\u0131zca bir dereceler meselesi de\u011fil, niteliksel bir farkt\u0131r. S\u00fcrecin mimarlar\u0131 \u201cstat\u00fc\u201d kelimesini bir kurul \u00fcyeli\u011fi d\u00fczeyinde rahatl\u0131kla telaffuz edebilirken, ayn\u0131 kelimenin anayasal bir g\u00fcvenceye evrilme ihtimali dile getirildi\u011fi anda \u201ckomplo\u201d ilan edilmesi, bu niteliksel fark\u0131n \u00f6rtbas edilmeye bile gerek duyulmayan, a\u00e7\u0131k ve kendinden emin bir itiraf\u0131d\u0131r.<\/p>\n<p style=\"text-align: justify;\">A\u00e7\u0131k konu\u015fmak gerekirse: silah b\u0131rakmak, feshetmek, tasfiye olmak \u2014 bunlar\u0131n hepsi tek tarafl\u0131 ve geri d\u00f6n\u00fc\u015fs\u00fcz ad\u0131mlard\u0131r. Buna kar\u015f\u0131l\u0131k \u201cstat\u00fc\u201d, \u201canayasal g\u00fcvence\u201d ya da \u201chak\u201d gibi kavramlar, kar\u015f\u0131 taraf\u0131n siyasi l\u00fctfuna ba\u011fl\u0131, her an ink\u00e2r edilebilir, geri \u00e7ekilebilir s\u00f6ylemler olarak sunulmaya devam etmektedir. K\u0131rk y\u0131l\u0131 a\u015fk\u0131n bir silahl\u0131 m\u00fccadelenin ve \u00e7ok daha eski, on y\u0131llara yay\u0131lan bir siyasi hak aray\u0131\u015f\u0131n\u0131n sonunda ortaya \u00e7\u0131kan tablo, taraflar\u0131n birbirine e\u015fit a\u011f\u0131rl\u0131kta taahh\u00fctte bulundu\u011fu bir uzla\u015fma de\u011fil, bir taraf\u0131n somut ve \u00f6l\u00e7\u00fclebilir bedeller \u00f6dedi\u011fi, di\u011fer taraf\u0131n ise s\u00f6zl\u00fc, denetlenemez ve gerekti\u011finde \u201ckomplo\u201d denilerek reddedilebilir vaatlerle yetindi\u011fi asimetrik bir ili\u015fkidir.<\/p>\n<p style=\"text-align: justify;\">\u00dcstelik bu, K\u00fcrt siyasi hareketinin tarihsel bir f\u0131rsat\u0131 ka\u00e7\u0131rd\u0131\u011f\u0131 ilk an de\u011fildir \u2014 ve bu ka\u00e7\u0131r\u0131l\u0131\u015f\u0131n nedeni a\u00e7\u0131k\u00e7a ortaya konmal\u0131d\u0131r. Mart 2016&#8217;da \u201cF\u0131rat B\u00f6lgesi Demokratik Federal Sistemi\u201d ad\u0131yla ilan edilen yap\u0131, asl\u0131nda bir K\u00fcrt ulusal\/siyasal stat\u00fcs\u00fc de\u011fil, co\u011frafi ve idari nitelikli bir federasyon modeliydi. K\u0131sa s\u00fcre i\u00e7inde Rakka, Tabka, M\u00fcnbi\u00e7 ve Deyrizor k\u0131rsal\u0131 gibi a\u011f\u0131rl\u0131kl\u0131 olarak Arap n\u00fcfuslu b\u00f6lgeleri de kapsayacak bi\u00e7imde geni\u015fletilmi\u015f, ad\u0131 \u00f6nce \u201c<strong>Kuzey<\/strong> <strong>Suriye Demokratik Federasyonu\u201d, ard\u0131ndan <\/strong>\u201c<strong>Kuzey ve Do\u011fu Suriye \u00d6zerk Y\u00f6netimi\u201dne (AANES) d\u00f6n\u00fc\u015ft\u00fcr\u00fclm\u00fc\u015ft\u00fcr. Yani ilan edilen yap\u0131, esas olarak K\u00fcrt co\u011frafyas\u0131na (Afrin, Kobani, Cizre) dayal\u0131, K\u00fcrt ulusal kimli\u011fini merkeze alan bir siyasal stat\u00fc de\u011fil, kimliksel i\u00e7eri\u011fi suland\u0131r\u0131lm\u0131\u015f, \u00e7ok bile\u015fenli ve geni\u015f bir idari-co\u011frafi d\u00fczenlemeydi.<\/strong><\/p>\n<p style=\"text-align: justify;\"><strong>Tarihi f\u0131rsat\u0131n ka\u00e7\u0131r\u0131ld\u0131\u011f\u0131 nokta tam olarak buras\u0131d\u0131r. Hareket, 2015-2019 aras\u0131ndaki en g\u00fc\u00e7l\u00fc d\u00f6neminde \u2014 \u00f6nceki makalede \u201cs\u0131n\u0131r zorlama d\u00f6nemi\u201d olarak adland\u0131r\u0131lan, fiilen elinde askeri, idari ve ekonomik kapasite tuttu\u011fu d\u00f6nemde \u2014 bu kapasiteyi a\u00e7\u0131k\u00e7a tan\u0131mlanm\u0131\u015f bir K\u00fcrt ulusal-siyasal stat\u00fcs\u00fcne d\u00f6n\u00fc\u015ft\u00fcr\u00fcp m\u00fczakere masas\u0131na bu \u015fekilde ta\u015f\u0131mak yerine,<\/strong> <strong>kimliksel i\u00e7eri\u011fi geni\u015f ve \u00e7ok bile\u015fenli bir \u201cco\u011frafi-federasyon\u201d s\u00f6ylemi i\u00e7inde eritmeyi tercih etmi\u015ftir. Bunun sonucu, hem uluslararas\u0131 me\u015fruiyet kazanamamak (hi\u00e7bir devlet ya da kurum bu yap\u0131y\u0131 tan\u0131mam\u0131\u015ft\u0131r) hem de \u015eam y\u00f6netiminin bunu bir \u201culusal stat\u00fc talebi\u201d de\u011fil, bir \u201cidari isyan\/ayr\u0131l\u0131k\u00e7\u0131 yap\u0131lanma\u201d olarak g\u00f6r\u00fcp askeri ara\u00e7larla tasfiye etmesinin zeminini kolayla\u015ft\u0131rmak olmu\u015ftur. Nitekim 2026&#8217;daki \u00e7\u00f6z\u00fcl\u00fc\u015fte de muhatap al\u0131nan, tan\u0131ml\u0131 bir K\u00fcrt ulusal stat\u00fcs\u00fc de\u011fil, da\u011f\u0131n\u0131k bir idari-askeri yap\u0131d\u0131r \u2014 bu y\u00fczden verilen kar\u015f\u0131l\u0131k da bir stat\u00fc de\u011fil, birka\u00e7 ismin bireysel olara<\/strong>k <strong>sisteme dahil edilmesinden ibaret kalm\u0131\u015ft\u0131r. Nereden nereye gidildi\u011fi a\u00e7\u0131kt\u0131r<\/strong>: <strong>2016&#8217;da geni\u015f bir co\u011frafyada silahl\u0131, ekonomik ve idari \u00f6zy\u00f6netim kapasitesine sahip bir yap\u0131dan; 2026&#8217;da iki ismin cumhurba\u015fkanl\u0131\u011f\u0131 dan\u0131\u015fmanl\u0131\u011f\u0131 ve milletvekilli\u011fi d\u00fczeyine indirgenmi\u015f bir \u201cstat\u00fc\u201dye.<\/strong> <strong>2026&#8217;daki fesih, bu bak\u0131mdan yeni bir k\u0131r\u0131lma de\u011fil, on y\u0131l \u00f6nce at\u0131lan yanl\u0131\u015f ad\u0131m\u0131n \u2014 kolektif ulusal taleb<\/strong>i <strong>geni\u015f ve kimliksiz bir idari \u00e7er\u00e7eveye feda etmenin \u2014 nihai ve en a\u011f\u0131r faturas\u0131d\u0131r.<\/strong> <strong>Bu makalede ortaya konan veriler bir arada okundu\u011funda<\/strong>, <strong>tablo bir \u00e7\u00f6z\u00fcm ya da uzla\u015fma anlat\u0131s\u0131 de\u011fildir: hem Rojava&#8217;da hem T\u00fcrkiye&#8217;de ya\u015fanan, \u00f6rg\u00fctsel ve askeri kapasitenin kar\u015f\u0131l\u0131ks\u0131z bi\u00e7imde tasfiyesi operasyonudur \u2014<\/strong> <strong>kolektif\/anayasal bir g\u00fcvence hi\u00e7bir a\u015famada sunulmam\u0131\u015f, sunulan yeg\u00e2ne \u015fey birka\u00e7 ismin bireysel d\u00fczeyde sisteme dahil edilmesi olmu\u015ftur. Bu asimetrik tasfiye, K\u00fcrt halk\u0131n\u0131n onlarca y\u0131ld\u0131r s\u00fcregelen hak aray\u0131\u015f\u0131nda yaratt\u0131\u011f\u0131 tahribat\u0131 gidermemekte, aksine bu tahribat\u0131 yeni bir a\u015famada derinle\u015ftirerek s\u00fcrd\u00fcrmektedir.<\/strong><\/p>\n<h4 style=\"text-align: justify;\"><strong>Kaynak\u00e7a \/ Dipnotlar<\/strong><\/h4>\n<ol style=\"text-align: justify;\">\n<li>\u00d6nceki \u00fc\u00e7 makale: \u201cS\u0131n\u0131rlar\u0131 \u00c7izilmi\u015f \u00d6zerklik: Korsika Sorunu, FLNC ve Cumhuriyet Modelinin Krizi\u201d; \u201cS\u0131n\u0131rlar\u0131 \u00c7izilmi\u015f \u00d6zerklikten S\u0131n\u0131rlar\u0131n Silinmesine: Korsikadan Rojava&#8217;ya\u201d; \u201cZorunlu Entegrasyondan Anayasal Tan\u0131nmaya: Rojava K\u00fcrt Siyasi Hareketinin Hukuki Zemin Aray\u0131\u015f\u0131\u201d.<\/li>\n<li>PKK&#8217;n\u0131n 12. Kongresi ve Ter\u00f6rs\u00fcz T\u00fcrkiye s\u00fcrecinin geli\u015fimi i\u00e7in bkz. Sabah, \u201cTer\u00f6rs\u00fcz T\u00fcrkiye S\u00fcreci Hangi A\u015famada?\u201d, 16 May\u0131s 2026.<\/li>\n<li>7595 say\u0131l\u0131 \u201cMill\u00ee Dayan\u0131\u015fma ve Toplumsal B\u00fct\u00fcnle\u015fmenin G\u00fc\u00e7lendirilmesine Dair Kanun\u201d ve kapsam\u0131 i\u00e7in bkz. Haber7, Takvim, Bursa Hakimiyet ve Yerel G\u00fcndem&#8217;in A\u011fustos 2026 tarihli haberleri.<\/li>\n<li>Takip ve De\u011ferlendirme Kurulu, alt kurullar ve \u00d6calan&#8217;\u0131n rol\u00fc i\u00e7in bkz. Ayd\u0131nl\u0131k, \u201cDEM Parti heyetinden kritik a\u00e7\u0131klamalar: &#8216;Siyasalla\u015fma kurulunda \u00d6calan yer alacak&#8217;\u201d; Art\u0131 Sirt, \u201cDEM Parti \u0130mral\u0131 Heyeti payla\u015ft\u0131&#8230; \u00d6calan&#8217;dan &#8216;\u00e7er\u00e7eve yasa&#8217; mesaj\u0131\u201d.<\/li>\n<li>20-25 A\u011fustos 2026 tarihli \u201c\u0130mral\u0131 tutanaklar\u0131\u201d tart\u0131\u015fmas\u0131, \u00d6calan&#8217;\u0131n yalanlamas\u0131 ve DEM Parti \u0130mral\u0131 Heyeti&#8217;nin (Pervin Buldan, Veysi Akta\u015f, Faik \u00d6zg\u00fcr Erol) stat\u00fcye ili\u015fkin a\u00e7\u0131klamalar\u0131 i\u00e7in bkz. Veryans\u0131n TV, S\u00f6zc\u00fc, Cumhuriyet, Gazete Pencere ve MarineDeal News \u0130n A\u011fustos 2026 tarihli haberleri.<\/li>\n<li>SDG\/YPG nin feshi ve \u201cfesih zinciri\u201d yorumu i\u00e7in bkz. Haber Global, \u201cTer\u00f6rs\u00fcz T\u00fcrkiye&#8217;de yeni d\u00f6nem! PKK&#8217;dan SDG\/YPG&#8217;ye fesih zinciri: \u015eimdi ne olacak?\u201d, 26 A\u011fustos 2026; D\u00fcnya B\u00fclteni, Elips Haber ve R\u00fbpel Anu&#8217;nun konuya ili\u015fkin haberleri.<\/li>\n<\/ol>\n<p style=\"text-align: justify;\">Ya\u015far Bazencir<\/p>\n","protected":false},"excerpt":{"rendered":"<p>Giri\u015f 25 A\u011fustos 2026, K\u00fcrt siyasi tarihi a\u00e7\u0131s\u0131ndan \u00e7arp\u0131c\u0131 bir \u00e7ak\u0131\u015fmaya sahne olmu\u015ftur: ayn\u0131 g\u00fcn, bir yandan \u0130mral\u0131&#8217;dan Abdullah \u00d6calan&#8217;a atfedilen bir a\u00e7\u0131klama kamuoyuna yans\u0131m\u0131\u015f, di\u011fer yandan Suriye&#8217;nin kuzeydo\u011fusunda SDG\/YPG&#8217;nin feshedildi\u011fi ve Suriye devlet kurumlar\u0131na entegrasyonun tamamland\u0131\u011f\u0131 duyurulmu\u015ftur. T\u00fcrkiye bas\u0131n\u0131nda bu ard\u0131\u015f\u0131kl\u0131k \u201cPKK&#8217;dan SDG\/YPG&#8217;ye fesih zinciri\u201d olarak adland\u0131r\u0131lm\u0131\u015ft\u0131r. Bu makale, serinin \u00f6nceki \u00fc\u00e7 par\u00e7as\u0131nda geli\u015ftirilen [&hellip;]<\/p>\n","protected":false},"author":2,"featured_media":1039255,"comment_status":"closed","ping_status":"closed","sticky":false,"template":"","format":"standard","meta":{"footnotes":""},"categories":[26],"tags":[31],"class_list":["post-1039254","post","type-post","status-publish","format-standard","has-post-thumbnail","hentry","category-forum","tag-onemli"],"blocksy_meta":{"styles_descriptor":{"styles":{"desktop":"","tablet":"","mobile":""},"google_fonts":[],"version":8}},"seo_head":"<!-- This site is optimized with the Yoast SEO plugin v28.4 - https:\/\/yoast.com\/product\/yoast-seo-wordpress\/ -->\n<title>Fesih Zinciri: PKK&#039;dan SDG&#039;ye, Bireysel \u0130kameden Kolektif Tan\u0131nmaya Uzanan Bo\u015fluk - Darka Mazi<\/title>\n<meta name=\"robots\" content=\"index, follow, max-snippet:-1, max-image-preview:large, max-video-preview:-1\" \/>\n<link rel=\"canonical\" href=\"https:\/\/darkamazi.site\/archives\/1039254\" \/>\n<meta property=\"og:locale\" content=\"en_US\" \/>\n<meta property=\"og:type\" content=\"article\" \/>\n<meta property=\"og:title\" content=\"Fesih Zinciri: PKK&#039;dan SDG&#039;ye, Bireysel \u0130kameden Kolektif Tan\u0131nmaya Uzanan Bo\u015fluk - Darka Mazi\" \/>\n<meta property=\"og:description\" content=\"Giri\u015f 25 A\u011fustos 2026, K\u00fcrt siyasi tarihi a\u00e7\u0131s\u0131ndan \u00e7arp\u0131c\u0131 bir \u00e7ak\u0131\u015fmaya sahne olmu\u015ftur: ayn\u0131 g\u00fcn, bir yandan \u0130mral\u0131&#8217;dan Abdullah \u00d6calan&#8217;a atfedilen bir a\u00e7\u0131klama kamuoyuna yans\u0131m\u0131\u015f, di\u011fer yandan Suriye&#8217;nin kuzeydo\u011fusunda SDG\/YPG&#8217;nin feshedildi\u011fi ve Suriye devlet kurumlar\u0131na entegrasyonun tamamland\u0131\u011f\u0131 duyurulmu\u015ftur. T\u00fcrkiye bas\u0131n\u0131nda bu ard\u0131\u015f\u0131kl\u0131k \u201cPKK&#8217;dan SDG\/YPG&#8217;ye fesih zinciri\u201d olarak adland\u0131r\u0131lm\u0131\u015ft\u0131r. Bu makale, serinin \u00f6nceki \u00fc\u00e7 par\u00e7as\u0131nda geli\u015ftirilen [&hellip;]\" \/>\n<meta property=\"og:url\" content=\"https:\/\/darkamazi.site\/archives\/1039254\" \/>\n<meta property=\"og:site_name\" content=\"Darka Mazi\" \/>\n<meta property=\"article:publisher\" content=\"https:\/\/www.facebook.com\/DarkaMaziturkce\" \/>\n<meta property=\"article:published_time\" content=\"2026-09-05T11:51:16+00:00\" \/>\n<meta property=\"og:image\" content=\"https:\/\/darkamazi.site\/file\/2026\/09\/Yasar-Bazencir.jpg\" \/>\n\t<meta property=\"og:image:width\" content=\"900\" \/>\n\t<meta property=\"og:image:height\" content=\"500\" \/>\n\t<meta property=\"og:image:type\" content=\"image\/jpeg\" \/>\n<meta name=\"author\" content=\"darka mazi\" \/>\n<meta name=\"twitter:card\" content=\"summary_large_image\" \/>\n<meta name=\"twitter:creator\" content=\"@DarkaMaziTurkce\" \/>\n<meta name=\"twitter:site\" content=\"@DarkaMaziTurkce\" \/>\n<meta name=\"twitter:label1\" content=\"Written by\" \/>\n\t<meta name=\"twitter:data1\" content=\"darka mazi\" \/>\n\t<meta name=\"twitter:label2\" content=\"Est. reading time\" \/>\n\t<meta name=\"twitter:data2\" content=\"9 minutes\" \/>\n<script type=\"application\/ld+json\" class=\"seo-schema-graph\">{\"@context\":\"https:\\\/\\\/schema.org\",\"@graph\":[{\"@type\":\"NewsArticle\",\"@id\":\"https:\\\/\\\/darkamazi.site\\\/archives\\\/1039254#article\",\"isPartOf\":{\"@id\":\"https:\\\/\\\/darkamazi.site\\\/archives\\\/1039254\"},\"author\":{\"name\":\"darka mazi\",\"@id\":\"https:\\\/\\\/darkamazi.site\\\/#\\\/schema\\\/person\\\/67986a95ac546c16760365877ef4a9d3\"},\"headline\":\"Fesih Zinciri: PKK&#8217;dan SDG&#8217;ye, Bireysel \u0130kameden Kolektif Tan\u0131nmaya Uzanan Bo\u015fluk\",\"datePublished\":\"2026-09-05T11:51:16+00:00\",\"mainEntityOfPage\":{\"@id\":\"https:\\\/\\\/darkamazi.site\\\/archives\\\/1039254\"},\"wordCount\":2795,\"publisher\":{\"@id\":\"https:\\\/\\\/darkamazi.site\\\/#organization\"},\"image\":{\"@id\":\"https:\\\/\\\/darkamazi.site\\\/archives\\\/1039254#primaryimage\"},\"thumbnailUrl\":\"https:\\\/\\\/darkamazi.site\\\/darka-content\\\/uploads\\\/2026\\\/09\\\/Yasar-Bazencir.jpg\",\"keywords\":[\"\u00f6nemli\"],\"articleSection\":[\"Forum\"],\"inLanguage\":\"en-US\"},{\"@type\":\"WebPage\",\"@id\":\"https:\\\/\\\/darkamazi.site\\\/archives\\\/1039254\",\"url\":\"https:\\\/\\\/darkamazi.site\\\/archives\\\/1039254\",\"name\":\"Fesih Zinciri: PKK'dan SDG'ye, Bireysel \u0130kameden Kolektif Tan\u0131nmaya Uzanan Bo\u015fluk - Darka Mazi\",\"isPartOf\":{\"@id\":\"https:\\\/\\\/darkamazi.site\\\/#website\"},\"primaryImageOfPage\":{\"@id\":\"https:\\\/\\\/darkamazi.site\\\/archives\\\/1039254#primaryimage\"},\"image\":{\"@id\":\"https:\\\/\\\/darkamazi.site\\\/archives\\\/1039254#primaryimage\"},\"thumbnailUrl\":\"https:\\\/\\\/darkamazi.site\\\/darka-content\\\/uploads\\\/2026\\\/09\\\/Yasar-Bazencir.jpg\",\"datePublished\":\"2026-09-05T11:51:16+00:00\",\"breadcrumb\":{\"@id\":\"https:\\\/\\\/darkamazi.site\\\/archives\\\/1039254#breadcrumb\"},\"inLanguage\":\"en-US\",\"potentialAction\":[{\"@type\":\"ReadAction\",\"target\":[\"https:\\\/\\\/darkamazi.site\\\/archives\\\/1039254\"]}]},{\"@type\":\"ImageObject\",\"inLanguage\":\"en-US\",\"@id\":\"https:\\\/\\\/darkamazi.site\\\/archives\\\/1039254#primaryimage\",\"url\":\"https:\\\/\\\/darkamazi.site\\\/darka-content\\\/uploads\\\/2026\\\/09\\\/Yasar-Bazencir.jpg\",\"contentUrl\":\"https:\\\/\\\/darkamazi.site\\\/darka-content\\\/uploads\\\/2026\\\/09\\\/Yasar-Bazencir.jpg\",\"width\":900,\"height\":500,\"caption\":\"Fesih Zinciri: PKK'dan SDG'ye, Bireysel \u0130kameden Kolektif Tan\u0131nmaya Uzanan Bo\u015fluk\"},{\"@type\":\"BreadcrumbList\",\"@id\":\"https:\\\/\\\/darkamazi.site\\\/archives\\\/1039254#breadcrumb\",\"itemListElement\":[{\"@type\":\"ListItem\",\"position\":1,\"name\":\"Home\",\"item\":\"https:\\\/\\\/darkamazi.site\\\/\"},{\"@type\":\"ListItem\",\"position\":2,\"name\":\"Fesih Zinciri: PKK&#8217;dan SDG&#8217;ye, Bireysel \u0130kameden Kolektif Tan\u0131nmaya Uzanan Bo\u015fluk\"}]},{\"@type\":\"WebSite\",\"@id\":\"https:\\\/\\\/darkamazi.site\\\/#website\",\"url\":\"https:\\\/\\\/darkamazi.site\\\/\",\"name\":\"Darka Mazi\",\"description\":\"Ana Sayfa\",\"publisher\":{\"@id\":\"https:\\\/\\\/darkamazi.site\\\/#organization\"},\"potentialAction\":[{\"@type\":\"SearchAction\",\"target\":{\"@type\":\"EntryPoint\",\"urlTemplate\":\"https:\\\/\\\/darkamazi.site\\\/?s={search_term_string}\"},\"query-input\":{\"@type\":\"PropertyValueSpecification\",\"valueRequired\":true,\"valueName\":\"search_term_string\"}}],\"inLanguage\":\"en-US\"},{\"@type\":\"Organization\",\"@id\":\"https:\\\/\\\/darkamazi.site\\\/#organization\",\"name\":\"Darka Mazi T\u00fcrk\u00e7e\",\"alternateName\":\"Darka Mazi\",\"url\":\"https:\\\/\\\/darkamazi.site\\\/\",\"logo\":{\"@type\":\"ImageObject\",\"inLanguage\":\"en-US\",\"@id\":\"https:\\\/\\\/darkamazi.site\\\/#\\\/schema\\\/logo\\\/image\\\/\",\"url\":\"https:\\\/\\\/darkamazi.site\\\/darka-content\\\/uploads\\\/2017\\\/12\\\/darka-mazi-logo.png\",\"contentUrl\":\"https:\\\/\\\/darkamazi.site\\\/darka-content\\\/uploads\\\/2017\\\/12\\\/darka-mazi-logo.png\",\"width\":151,\"height\":75,\"caption\":\"Darka Mazi T\u00fcrk\u00e7e\"},\"image\":{\"@id\":\"https:\\\/\\\/darkamazi.site\\\/#\\\/schema\\\/logo\\\/image\\\/\"},\"sameAs\":[\"https:\\\/\\\/www.facebook.com\\\/DarkaMaziturkce\",\"https:\\\/\\\/x.com\\\/DarkaMaziTurkce\"]},{\"@type\":\"Person\",\"@id\":\"https:\\\/\\\/darkamazi.site\\\/#\\\/schema\\\/person\\\/67986a95ac546c16760365877ef4a9d3\",\"name\":\"darka mazi\",\"sameAs\":[\"https:\\\/\\\/darkamazi.site\"],\"url\":\"https:\\\/\\\/darkamazi.site\\\/archives\\\/author\\\/turkish\"}]}<\/script>\n<!-- \/ Yoast SEO plugin. -->","seo_head_json":{"title":"Fesih Zinciri: PKK'dan SDG'ye, Bireysel \u0130kameden Kolektif Tan\u0131nmaya Uzanan Bo\u015fluk - Darka Mazi","robots":{"index":"index","follow":"follow","max-snippet":"max-snippet:-1","max-image-preview":"max-image-preview:large","max-video-preview":"max-video-preview:-1"},"canonical":"https:\/\/darkamazi.site\/archives\/1039254","og_locale":"en_US","og_type":"article","og_title":"Fesih Zinciri: PKK'dan SDG'ye, Bireysel \u0130kameden Kolektif Tan\u0131nmaya Uzanan Bo\u015fluk - Darka Mazi","og_description":"Giri\u015f 25 A\u011fustos 2026, K\u00fcrt siyasi tarihi a\u00e7\u0131s\u0131ndan \u00e7arp\u0131c\u0131 bir \u00e7ak\u0131\u015fmaya sahne olmu\u015ftur: ayn\u0131 g\u00fcn, bir yandan \u0130mral\u0131&#8217;dan Abdullah \u00d6calan&#8217;a atfedilen bir a\u00e7\u0131klama kamuoyuna yans\u0131m\u0131\u015f, di\u011fer yandan Suriye&#8217;nin kuzeydo\u011fusunda SDG\/YPG&#8217;nin feshedildi\u011fi ve Suriye devlet kurumlar\u0131na entegrasyonun tamamland\u0131\u011f\u0131 duyurulmu\u015ftur. T\u00fcrkiye bas\u0131n\u0131nda bu ard\u0131\u015f\u0131kl\u0131k \u201cPKK&#8217;dan SDG\/YPG&#8217;ye fesih zinciri\u201d olarak adland\u0131r\u0131lm\u0131\u015ft\u0131r. Bu makale, serinin \u00f6nceki \u00fc\u00e7 par\u00e7as\u0131nda geli\u015ftirilen [&hellip;]","og_url":"https:\/\/darkamazi.site\/archives\/1039254","og_site_name":"Darka Mazi","article_publisher":"https:\/\/www.facebook.com\/DarkaMaziturkce","article_published_time":"2026-09-05T11:51:16+00:00","og_image":[{"width":900,"height":500,"url":"https:\/\/darkamazi.site\/file\/2026\/09\/Yasar-Bazencir.jpg","type":"image\/jpeg"}],"author":"darka mazi","twitter_card":"summary_large_image","twitter_creator":"@DarkaMaziTurkce","twitter_site":"@DarkaMaziTurkce","twitter_misc":{"Written by":"darka mazi","Est. reading time":"9 minutes"},"schema":{"@context":"https:\/\/schema.org","@graph":[{"@type":"NewsArticle","@id":"https:\/\/darkamazi.site\/archives\/1039254#article","isPartOf":{"@id":"https:\/\/darkamazi.site\/archives\/1039254"},"author":{"name":"darka mazi","@id":"https:\/\/darkamazi.site\/#\/schema\/person\/67986a95ac546c16760365877ef4a9d3"},"headline":"Fesih Zinciri: PKK&#8217;dan SDG&#8217;ye, Bireysel \u0130kameden Kolektif Tan\u0131nmaya Uzanan Bo\u015fluk","datePublished":"2026-09-05T11:51:16+00:00","mainEntityOfPage":{"@id":"https:\/\/darkamazi.site\/archives\/1039254"},"wordCount":2795,"publisher":{"@id":"https:\/\/darkamazi.site\/#organization"},"image":{"@id":"https:\/\/darkamazi.site\/archives\/1039254#primaryimage"},"thumbnailUrl":"https:\/\/darkamazi.site\/file\/2026\/09\/Yasar-Bazencir.jpg","keywords":["\u00f6nemli"],"articleSection":["Forum"],"inLanguage":"en-US"},{"@type":"WebPage","@id":"https:\/\/darkamazi.site\/archives\/1039254","url":"https:\/\/darkamazi.site\/archives\/1039254","name":"Fesih Zinciri: PKK'dan SDG'ye, Bireysel \u0130kameden Kolektif Tan\u0131nmaya Uzanan Bo\u015fluk - Darka Mazi","isPartOf":{"@id":"https:\/\/darkamazi.site\/#website"},"primaryImageOfPage":{"@id":"https:\/\/darkamazi.site\/archives\/1039254#primaryimage"},"image":{"@id":"https:\/\/darkamazi.site\/archives\/1039254#primaryimage"},"thumbnailUrl":"https:\/\/darkamazi.site\/file\/2026\/09\/Yasar-Bazencir.jpg","datePublished":"2026-09-05T11:51:16+00:00","breadcrumb":{"@id":"https:\/\/darkamazi.site\/archives\/1039254#breadcrumb"},"inLanguage":"en-US","potentialAction":[{"@type":"ReadAction","target":["https:\/\/darkamazi.site\/archives\/1039254"]}]},{"@type":"ImageObject","inLanguage":"en-US","@id":"https:\/\/darkamazi.site\/archives\/1039254#primaryimage","url":"https:\/\/darkamazi.site\/file\/2026\/09\/Yasar-Bazencir.jpg","contentUrl":"https:\/\/darkamazi.site\/file\/2026\/09\/Yasar-Bazencir.jpg","width":900,"height":500,"caption":"Fesih Zinciri: PKK'dan SDG'ye, Bireysel \u0130kameden Kolektif Tan\u0131nmaya Uzanan Bo\u015fluk"},{"@type":"BreadcrumbList","@id":"https:\/\/darkamazi.site\/archives\/1039254#breadcrumb","itemListElement":[{"@type":"ListItem","position":1,"name":"Home","item":"https:\/\/darkamazi.site\/"},{"@type":"ListItem","position":2,"name":"Fesih Zinciri: PKK&#8217;dan SDG&#8217;ye, Bireysel \u0130kameden Kolektif Tan\u0131nmaya Uzanan Bo\u015fluk"}]},{"@type":"WebSite","@id":"https:\/\/darkamazi.site\/#website","url":"https:\/\/darkamazi.site\/","name":"Darka Mazi","description":"Ana Sayfa","publisher":{"@id":"https:\/\/darkamazi.site\/#organization"},"potentialAction":[{"@type":"SearchAction","target":{"@type":"EntryPoint","urlTemplate":"https:\/\/darkamazi.site\/?s={search_term_string}"},"query-input":{"@type":"PropertyValueSpecification","valueRequired":true,"valueName":"search_term_string"}}],"inLanguage":"en-US"},{"@type":"Organization","@id":"https:\/\/darkamazi.site\/#organization","name":"Darka Mazi T\u00fcrk\u00e7e","alternateName":"Darka Mazi","url":"https:\/\/darkamazi.site\/","logo":{"@type":"ImageObject","inLanguage":"en-US","@id":"https:\/\/darkamazi.site\/#\/schema\/logo\/image\/","url":"https:\/\/darkamazi.site\/file\/2017\/12\/darka-mazi-logo.png","contentUrl":"https:\/\/darkamazi.site\/file\/2017\/12\/darka-mazi-logo.png","width":151,"height":75,"caption":"Darka Mazi T\u00fcrk\u00e7e"},"image":{"@id":"https:\/\/darkamazi.site\/#\/schema\/logo\/image\/"},"sameAs":["https:\/\/www.facebook.com\/DarkaMaziturkce","https:\/\/x.com\/DarkaMaziTurkce"]},{"@type":"Person","@id":"https:\/\/darkamazi.site\/#\/schema\/person\/67986a95ac546c16760365877ef4a9d3","name":"darka mazi","sameAs":["https:\/\/darkamazi.site"],"url":"https:\/\/darkamazi.site\/archives\/author\/turkish"}]}},"_links":{"self":[{"href":"https:\/\/darkamazi.site\/funavuv\/wp\/v2\/posts\/1039254","targetHints":{"allow":["GET"]}}],"collection":[{"href":"https:\/\/darkamazi.site\/funavuv\/wp\/v2\/posts"}],"about":[{"href":"https:\/\/darkamazi.site\/funavuv\/wp\/v2\/types\/post"}],"author":[{"embeddable":true,"href":"https:\/\/darkamazi.site\/funavuv\/wp\/v2\/users\/2"}],"replies":[{"embeddable":true,"href":"https:\/\/darkamazi.site\/funavuv\/wp\/v2\/comments?post=1039254"}],"version-history":[{"count":1,"href":"https:\/\/darkamazi.site\/funavuv\/wp\/v2\/posts\/1039254\/revisions"}],"predecessor-version":[{"id":1039256,"href":"https:\/\/darkamazi.site\/funavuv\/wp\/v2\/posts\/1039254\/revisions\/1039256"}],"wp:featuredmedia":[{"embeddable":true,"href":"https:\/\/darkamazi.site\/funavuv\/wp\/v2\/media\/1039255"}],"wp:attachment":[{"href":"https:\/\/darkamazi.site\/funavuv\/wp\/v2\/media?parent=1039254"}],"wp:term":[{"taxonomy":"category","embeddable":true,"href":"https:\/\/darkamazi.site\/funavuv\/wp\/v2\/categories?post=1039254"},{"taxonomy":"post_tag","embeddable":true,"href":"https:\/\/darkamazi.site\/funavuv\/wp\/v2\/tags?post=1039254"}],"curies":[{"name":"wp","href":"https:\/\/api.w.org\/{rel}","templated":true}]}}