{"id":1039257,"date":"2026-09-05T16:58:34","date_gmt":"2026-09-05T13:58:34","guid":{"rendered":"https:\/\/darkamazi.site\/?p=1039257"},"modified":"2026-09-05T16:58:34","modified_gmt":"2026-09-05T13:58:34","slug":"pdki-sozcusunden-iran-ve-yasanan-catismalara-donuk-onemli-aciklamalar-savas-katilmama-kararini-aldik","status":"publish","type":"post","link":"https:\/\/darkamazi.site\/archives\/1039257","title":{"rendered":"PDK\u0130 s\u00f6zc\u00fcs\u00fcnden \u0130ran ve ya\u015fanan \u00e7at\u0131\u015fmalara d\u00f6n\u00fck \u00f6nemli a\u00e7\u0131klamalar: Sava\u015f kat\u0131lmama karar\u0131n\u0131 ald\u0131k"},"content":{"rendered":"<p style=\"text-align: justify;\">PDK\u0130\u2019nin s\u00f6zc\u00fcs\u00fc Halid Azizi Partisinin 81\u2019inci kurulu\u015f y\u0131l d\u00f6n\u00fcm\u00fc dolay\u0131s\u0131yla Londra\u2019da yap\u0131lan bir halk toplant\u0131s\u0131na kat\u0131ld\u0131. Azizi burada \u00f6nemli hususlarda a\u00e7\u0131klamalar yapt\u0131.<\/p>\n<p style=\"text-align: justify;\"><strong>Azizi: Sava\u015fa kat\u0131lmama karar\u0131 ald\u0131k<\/strong><\/p>\n<p style=\"text-align: justify;\">Azizi konu\u015fmas\u0131nda \u0130ran\u2019a d\u00f6n\u00fck ger\u00e7ekle\u015ftirilen operasyona kat\u0131lmama karar\u0131 ald\u0131klar\u0131n\u0131, bunun bir\u00e7ok \u00e7evre taraf\u0131ndan ele\u015ftirildi\u011fini fakat meselenin bilindi\u011finden farkl\u0131 oldu\u011funu s\u00f6yledi.<br \/>\nAzizi a\u00e7\u0131klamas\u0131nda operasyona kat\u0131lmama nedenlerinin ABD\u2019nin ne yapaca\u011f\u0131n\u0131n ve ne istedi\u011fini belli olmamas\u0131 oldu\u011funu belirtti ve \u015funlar\u0131 s\u00f6yledi: \u201cSaddam H\u00fcseyin devrildi\u011fi d\u00f6nem ve \u00f6ncesi ben ABD\u2019deydim. Saddam H\u00fcseyin&#8217;e kar\u015f\u0131 bir alternatif olu\u015fturulmu\u015ftu. Saddam H\u00fcseyin&#8217;in d\u00fc\u015fmesi durumunda, ABD ordusunun Irak&#8217;a gidece\u011fi, orada bulunaca\u011f\u0131 ve bir komutan atayaca\u011f\u0131 veya rejimin yerini yeni bir g\u00fcc\u00fcn alaca\u011f\u0131 konusunda net bir g\u00f6r\u00fc\u015f vard\u0131. Bu \u00e7ok \u00f6nemli bir husus ve \u0130ran i\u00e7in bunu g\u00f6rmedik.<\/p>\n<p style=\"text-align: justify;\">Halid Azizi a\u00e7\u0131klamas\u0131n\u0131n di\u011fer b\u00f6l\u00fcm\u00fcnde ise 81 y\u0131ll\u0131k bir hareket olduklar\u0131n\u0131 ve g\u00fcncel durumu do\u011fru okuduklar\u0131n\u0131 s\u00f6yledi. Azizi a\u00e7\u0131klamas\u0131nda ayr\u0131ca \u201csava\u015fa kat\u0131lmama karar\u0131n\u0131 kendim bizzat destekledim\u201d dedi.<br \/>\nHalid Azizi konu\u015fmas\u0131nda ayr\u0131ca Jina Amini ba\u015fkald\u0131r\u0131s\u0131nda da Pe\u015fmerge g\u00f6ndermedikleri i\u00e7in ele\u015ftirildiklerini fakat meselenin bunda daha b\u00fcy\u00fck oldu\u011funu ve hi\u00e7bir b\u00f6lgesel zemin yokken sava\u015fa girmenin yanl\u0131\u015f oldu\u011funu s\u00f6yledi. Azizi yine konu\u015fmas\u0131nda \u201ce\u011fer haz\u0131r olmayan bir zeminde sava\u015fa girsek \u0130ran K\u00fcrt \u015fehirlerini y\u0131kard\u0131\u201d diyerek halk\u0131n, demografinin korunmas\u0131n\u0131n uzun vadeli bir planlar\u0131 oldu\u011funu ve halk\u0131 s\u0131rf propaganda i\u00e7in sava\u015fa atmayacaklar\u0131n\u0131 s\u00f6yledi.<\/p>\n<p style=\"text-align: justify;\"><strong>Azizi: Kimse bize silah vermedi<\/strong><\/p>\n<p style=\"text-align: justify;\">Halid Azizi yapt\u0131\u011f\u0131 de\u011ferlendirmede \u201cBiz, \u0130ran \u0130slam Cumhuriyeti&#8217;nin sadece K\u00fcrt g\u00fcc\u00fcyle y\u0131k\u0131lmayaca\u011f\u0131n\u0131 s\u00f6yl\u00fcyoruz. E\u011fer tek ba\u015f\u0131m\u0131za y\u0131kamayacaksak, kiminle ve nas\u0131l y\u0131kmaya \u00e7al\u0131\u015fmal\u0131y\u0131z?\u201d de\u011ferlendirmelerini yapt\u0131 ve \u0130ran\u2019daki di\u011fer muhalif olu\u015fumlarla bir aradal\u0131k yakalama konusundaki zorluklara dikkat \u00e7ekti.<\/p>\n<p style=\"text-align: justify;\">Halid Azizi ayr\u0131ca \u201cG\u00f6rd\u00fc\u011f\u00fcm\u00fcz gibi son sava\u015f daha \u00e7ok hava sava\u015f\u0131yd\u0131 ve kara sava\u015f\u0131 a\u015famas\u0131na ula\u015fmad\u0131. Ayn\u0131 zamanda, K\u00fcrtlere silah ve te\u00e7hizat g\u00f6nderildi\u011fi ve \u00fclke i\u00e7indeki sava\u015f\u00e7\u0131lara aktar\u0131laca\u011f\u0131 s\u00f6yleniyordu; ancak teslim edilmedi. Bu bilgiler bilin\u00e7li olarak geni\u015f \u00e7apta yay\u0131ld\u0131 ve hatta baz\u0131 \u00e7evrelerimiz bile buna inand\u0131. Bu durum yanl\u0131\u015ft\u0131\u201d ifadelerini kulland\u0131.<\/p>\n<p style=\"text-align: justify;\"><strong>Azizi: K\u00fcrdistan B\u00f6lgesi topraklar\u0131n\u0131 \u0130ran\u2019a kar\u015f\u0131 kullanm\u0131yoruz<\/strong><\/p>\n<p style=\"text-align: justify;\">Azizi, a\u00e7\u0131klamas\u0131nda; Irak h\u00fck\u00fcmeti ve K\u00fcrdistan B\u00f6lgesel H\u00fck\u00fcmetine (KBY), K\u00fcrdistan B\u00f6lgesi&#8217;ni \u0130ran&#8217;a kar\u015f\u0131 operasyonlar i\u00e7in arka \u00fcs olarak kullanmayacaklar\u0131n\u0131 bildirdiklerini s\u00f6yledi.<\/p>\n<p style=\"text-align: justify;\">PDK\u0130&#8217;nin faaliyetlerinin oda\u011f\u0131n\u0131n \u0130ran i\u00e7erisindeki \u00e7al\u0131\u015fmalar oldu\u011funu belirten Azizi, partinin K\u00fcrdistan B\u00f6lgesi&#8217;nin \u0130ran taraf\u0131ndan hedef al\u0131nmas\u0131na gerek\u00e7e olu\u015fturabilecek herhangi bir ad\u0131m atmaktan ka\u00e7\u0131nd\u0131\u011f\u0131n\u0131 ifade etti.<\/p>\n<p style=\"text-align: justify;\">Azizi ayr\u0131ca K\u00fcrdistan B\u00f6lgesi&#8217;nin \u0130ran&#8217;la ya\u015fanan \u00e7at\u0131\u015fman\u0131n i\u00e7ine \u00e7ekilmesini \u00f6nlemeye \u00e7al\u0131\u015ft\u0131klar\u0131n\u0131 belirtti.<\/p>\n","protected":false},"excerpt":{"rendered":"<p>PDK\u0130\u2019nin s\u00f6zc\u00fcs\u00fc Halid Azizi Partisinin 81\u2019inci kurulu\u015f y\u0131l d\u00f6n\u00fcm\u00fc dolay\u0131s\u0131yla Londra\u2019da yap\u0131lan bir halk toplant\u0131s\u0131na kat\u0131ld\u0131. Azizi burada \u00f6nemli hususlarda a\u00e7\u0131klamalar yapt\u0131. Azizi: Sava\u015fa kat\u0131lmama karar\u0131 ald\u0131k Azizi konu\u015fmas\u0131nda \u0130ran\u2019a d\u00f6n\u00fck ger\u00e7ekle\u015ftirilen operasyona kat\u0131lmama karar\u0131 ald\u0131klar\u0131n\u0131, bunun bir\u00e7ok \u00e7evre taraf\u0131ndan ele\u015ftirildi\u011fini fakat meselenin bilindi\u011finden farkl\u0131 oldu\u011funu s\u00f6yledi. Azizi a\u00e7\u0131klamas\u0131nda operasyona kat\u0131lmama nedenlerinin ABD\u2019nin ne yapaca\u011f\u0131n\u0131n [&hellip;]<\/p>\n","protected":false},"author":2,"featured_media":1039258,"comment_status":"closed","ping_status":"closed","sticky":false,"template":"","format":"standard","meta":{"footnotes":""},"categories":[3],"tags":[31],"class_list":["post-1039257","post","type-post","status-publish","format-standard","has-post-thumbnail","hentry","category-kurdistan","tag-onemli"],"blocksy_meta":{"styles_descriptor":{"styles":{"desktop":"","tablet":"","mobile":""},"google_fonts":[],"version":8}},"seo_head":"<!-- This site is optimized with the Yoast SEO plugin v28.4 - https:\/\/yoast.com\/product\/yoast-seo-wordpress\/ -->\n<title>PDK\u0130 s\u00f6zc\u00fcs\u00fcnden \u0130ran ve ya\u015fanan \u00e7at\u0131\u015fmalara d\u00f6n\u00fck \u00f6nemli a\u00e7\u0131klamalar: Sava\u015f kat\u0131lmama karar\u0131n\u0131 ald\u0131k - Darka Mazi<\/title>\n<meta name=\"robots\" content=\"index, follow, max-snippet:-1, max-image-preview:large, max-video-preview:-1\" \/>\n<link rel=\"canonical\" href=\"https:\/\/darkamazi.site\/archives\/1039257\" \/>\n<meta property=\"og:locale\" content=\"en_US\" \/>\n<meta property=\"og:type\" content=\"article\" \/>\n<meta property=\"og:title\" content=\"PDK\u0130 s\u00f6zc\u00fcs\u00fcnden \u0130ran ve ya\u015fanan \u00e7at\u0131\u015fmalara d\u00f6n\u00fck \u00f6nemli a\u00e7\u0131klamalar: Sava\u015f kat\u0131lmama karar\u0131n\u0131 ald\u0131k - Darka Mazi\" \/>\n<meta property=\"og:description\" content=\"PDK\u0130\u2019nin s\u00f6zc\u00fcs\u00fc Halid Azizi Partisinin 81\u2019inci kurulu\u015f y\u0131l d\u00f6n\u00fcm\u00fc dolay\u0131s\u0131yla Londra\u2019da yap\u0131lan bir halk toplant\u0131s\u0131na kat\u0131ld\u0131. Azizi burada \u00f6nemli hususlarda a\u00e7\u0131klamalar yapt\u0131. Azizi: Sava\u015fa kat\u0131lmama karar\u0131 ald\u0131k Azizi konu\u015fmas\u0131nda \u0130ran\u2019a d\u00f6n\u00fck ger\u00e7ekle\u015ftirilen operasyona kat\u0131lmama karar\u0131 ald\u0131klar\u0131n\u0131, bunun bir\u00e7ok \u00e7evre taraf\u0131ndan ele\u015ftirildi\u011fini fakat meselenin bilindi\u011finden farkl\u0131 oldu\u011funu s\u00f6yledi. Azizi a\u00e7\u0131klamas\u0131nda operasyona kat\u0131lmama nedenlerinin ABD\u2019nin ne yapaca\u011f\u0131n\u0131n [&hellip;]\" \/>\n<meta property=\"og:url\" content=\"https:\/\/darkamazi.site\/archives\/1039257\" \/>\n<meta property=\"og:site_name\" content=\"Darka Mazi\" \/>\n<meta property=\"article:publisher\" content=\"https:\/\/www.facebook.com\/DarkaMaziturkce\" \/>\n<meta property=\"article:published_time\" content=\"2026-09-05T13:58:34+00:00\" \/>\n<meta property=\"og:image\" content=\"https:\/\/darkamazi.site\/file\/2026\/09\/Khalid-Azizi.jpg\" \/>\n\t<meta property=\"og:image:width\" content=\"900\" \/>\n\t<meta property=\"og:image:height\" content=\"500\" \/>\n\t<meta property=\"og:image:type\" content=\"image\/jpeg\" \/>\n<meta name=\"author\" content=\"darka mazi\" \/>\n<meta name=\"twitter:card\" content=\"summary_large_image\" \/>\n<meta name=\"twitter:creator\" content=\"@DarkaMaziTurkce\" \/>\n<meta name=\"twitter:site\" content=\"@DarkaMaziTurkce\" \/>\n<meta name=\"twitter:label1\" content=\"Written by\" \/>\n\t<meta name=\"twitter:data1\" content=\"darka mazi\" \/>\n\t<meta name=\"twitter:label2\" content=\"Est. reading time\" \/>\n\t<meta name=\"twitter:data2\" content=\"2 minutes\" \/>\n<script type=\"application\/ld+json\" class=\"seo-schema-graph\">{\"@context\":\"https:\\\/\\\/schema.org\",\"@graph\":[{\"@type\":\"NewsArticle\",\"@id\":\"https:\\\/\\\/darkamazi.site\\\/archives\\\/1039257#article\",\"isPartOf\":{\"@id\":\"https:\\\/\\\/darkamazi.site\\\/archives\\\/1039257\"},\"author\":{\"name\":\"darka mazi\",\"@id\":\"https:\\\/\\\/darkamazi.site\\\/#\\\/schema\\\/person\\\/67986a95ac546c16760365877ef4a9d3\"},\"headline\":\"PDK\u0130 s\u00f6zc\u00fcs\u00fcnden \u0130ran ve ya\u015fanan \u00e7at\u0131\u015fmalara d\u00f6n\u00fck \u00f6nemli a\u00e7\u0131klamalar: Sava\u015f kat\u0131lmama karar\u0131n\u0131 ald\u0131k\",\"datePublished\":\"2026-09-05T13:58:34+00:00\",\"mainEntityOfPage\":{\"@id\":\"https:\\\/\\\/darkamazi.site\\\/archives\\\/1039257\"},\"wordCount\":589,\"publisher\":{\"@id\":\"https:\\\/\\\/darkamazi.site\\\/#organization\"},\"image\":{\"@id\":\"https:\\\/\\\/darkamazi.site\\\/archives\\\/1039257#primaryimage\"},\"thumbnailUrl\":\"https:\\\/\\\/darkamazi.site\\\/darka-content\\\/uploads\\\/2026\\\/09\\\/Khalid-Azizi.jpg\",\"keywords\":[\"\u00f6nemli\"],\"articleSection\":[\"Kurdistan\"],\"inLanguage\":\"en-US\"},{\"@type\":\"WebPage\",\"@id\":\"https:\\\/\\\/darkamazi.site\\\/archives\\\/1039257\",\"url\":\"https:\\\/\\\/darkamazi.site\\\/archives\\\/1039257\",\"name\":\"PDK\u0130 s\u00f6zc\u00fcs\u00fcnden \u0130ran ve ya\u015fanan \u00e7at\u0131\u015fmalara d\u00f6n\u00fck \u00f6nemli a\u00e7\u0131klamalar: Sava\u015f kat\u0131lmama karar\u0131n\u0131 ald\u0131k - Darka Mazi\",\"isPartOf\":{\"@id\":\"https:\\\/\\\/darkamazi.site\\\/#website\"},\"primaryImageOfPage\":{\"@id\":\"https:\\\/\\\/darkamazi.site\\\/archives\\\/1039257#primaryimage\"},\"image\":{\"@id\":\"https:\\\/\\\/darkamazi.site\\\/archives\\\/1039257#primaryimage\"},\"thumbnailUrl\":\"https:\\\/\\\/darkamazi.site\\\/darka-content\\\/uploads\\\/2026\\\/09\\\/Khalid-Azizi.jpg\",\"datePublished\":\"2026-09-05T13:58:34+00:00\",\"breadcrumb\":{\"@id\":\"https:\\\/\\\/darkamazi.site\\\/archives\\\/1039257#breadcrumb\"},\"inLanguage\":\"en-US\",\"potentialAction\":[{\"@type\":\"ReadAction\",\"target\":[\"https:\\\/\\\/darkamazi.site\\\/archives\\\/1039257\"]}]},{\"@type\":\"ImageObject\",\"inLanguage\":\"en-US\",\"@id\":\"https:\\\/\\\/darkamazi.site\\\/archives\\\/1039257#primaryimage\",\"url\":\"https:\\\/\\\/darkamazi.site\\\/darka-content\\\/uploads\\\/2026\\\/09\\\/Khalid-Azizi.jpg\",\"contentUrl\":\"https:\\\/\\\/darkamazi.site\\\/darka-content\\\/uploads\\\/2026\\\/09\\\/Khalid-Azizi.jpg\",\"width\":900,\"height\":500,\"caption\":\"PDK\u0130 s\u00f6zc\u00fcs\u00fcnden \u0130ran ve ya\u015fanan \u00e7at\u0131\u015fmalara d\u00f6n\u00fck \u00f6nemli a\u00e7\u0131klamalar: Sava\u015f kat\u0131lmama karar\u0131n\u0131 ald\u0131k\"},{\"@type\":\"BreadcrumbList\",\"@id\":\"https:\\\/\\\/darkamazi.site\\\/archives\\\/1039257#breadcrumb\",\"itemListElement\":[{\"@type\":\"ListItem\",\"position\":1,\"name\":\"Home\",\"item\":\"https:\\\/\\\/darkamazi.site\\\/\"},{\"@type\":\"ListItem\",\"position\":2,\"name\":\"PDK\u0130 s\u00f6zc\u00fcs\u00fcnden \u0130ran ve ya\u015fanan \u00e7at\u0131\u015fmalara d\u00f6n\u00fck \u00f6nemli a\u00e7\u0131klamalar: Sava\u015f kat\u0131lmama karar\u0131n\u0131 ald\u0131k\"}]},{\"@type\":\"WebSite\",\"@id\":\"https:\\\/\\\/darkamazi.site\\\/#website\",\"url\":\"https:\\\/\\\/darkamazi.site\\\/\",\"name\":\"Darka Mazi\",\"description\":\"Ana Sayfa\",\"publisher\":{\"@id\":\"https:\\\/\\\/darkamazi.site\\\/#organization\"},\"potentialAction\":[{\"@type\":\"SearchAction\",\"target\":{\"@type\":\"EntryPoint\",\"urlTemplate\":\"https:\\\/\\\/darkamazi.site\\\/?s={search_term_string}\"},\"query-input\":{\"@type\":\"PropertyValueSpecification\",\"valueRequired\":true,\"valueName\":\"search_term_string\"}}],\"inLanguage\":\"en-US\"},{\"@type\":\"Organization\",\"@id\":\"https:\\\/\\\/darkamazi.site\\\/#organization\",\"name\":\"Darka Mazi T\u00fcrk\u00e7e\",\"alternateName\":\"Darka Mazi\",\"url\":\"https:\\\/\\\/darkamazi.site\\\/\",\"logo\":{\"@type\":\"ImageObject\",\"inLanguage\":\"en-US\",\"@id\":\"https:\\\/\\\/darkamazi.site\\\/#\\\/schema\\\/logo\\\/image\\\/\",\"url\":\"https:\\\/\\\/darkamazi.site\\\/darka-content\\\/uploads\\\/2017\\\/12\\\/darka-mazi-logo.png\",\"contentUrl\":\"https:\\\/\\\/darkamazi.site\\\/darka-content\\\/uploads\\\/2017\\\/12\\\/darka-mazi-logo.png\",\"width\":151,\"height\":75,\"caption\":\"Darka Mazi T\u00fcrk\u00e7e\"},\"image\":{\"@id\":\"https:\\\/\\\/darkamazi.site\\\/#\\\/schema\\\/logo\\\/image\\\/\"},\"sameAs\":[\"https:\\\/\\\/www.facebook.com\\\/DarkaMaziturkce\",\"https:\\\/\\\/x.com\\\/DarkaMaziTurkce\"]},{\"@type\":\"Person\",\"@id\":\"https:\\\/\\\/darkamazi.site\\\/#\\\/schema\\\/person\\\/67986a95ac546c16760365877ef4a9d3\",\"name\":\"darka mazi\",\"sameAs\":[\"https:\\\/\\\/darkamazi.site\"],\"url\":\"https:\\\/\\\/darkamazi.site\\\/archives\\\/author\\\/turkish\"}]}<\/script>\n<!-- \/ Yoast SEO plugin. -->","seo_head_json":{"title":"PDK\u0130 s\u00f6zc\u00fcs\u00fcnden \u0130ran ve ya\u015fanan \u00e7at\u0131\u015fmalara d\u00f6n\u00fck \u00f6nemli a\u00e7\u0131klamalar: Sava\u015f kat\u0131lmama karar\u0131n\u0131 ald\u0131k - Darka Mazi","robots":{"index":"index","follow":"follow","max-snippet":"max-snippet:-1","max-image-preview":"max-image-preview:large","max-video-preview":"max-video-preview:-1"},"canonical":"https:\/\/darkamazi.site\/archives\/1039257","og_locale":"en_US","og_type":"article","og_title":"PDK\u0130 s\u00f6zc\u00fcs\u00fcnden \u0130ran ve ya\u015fanan \u00e7at\u0131\u015fmalara d\u00f6n\u00fck \u00f6nemli a\u00e7\u0131klamalar: Sava\u015f kat\u0131lmama karar\u0131n\u0131 ald\u0131k - Darka Mazi","og_description":"PDK\u0130\u2019nin s\u00f6zc\u00fcs\u00fc Halid Azizi Partisinin 81\u2019inci kurulu\u015f y\u0131l d\u00f6n\u00fcm\u00fc dolay\u0131s\u0131yla Londra\u2019da yap\u0131lan bir halk toplant\u0131s\u0131na kat\u0131ld\u0131. Azizi burada \u00f6nemli hususlarda a\u00e7\u0131klamalar yapt\u0131. Azizi: Sava\u015fa kat\u0131lmama karar\u0131 ald\u0131k Azizi konu\u015fmas\u0131nda \u0130ran\u2019a d\u00f6n\u00fck ger\u00e7ekle\u015ftirilen operasyona kat\u0131lmama karar\u0131 ald\u0131klar\u0131n\u0131, bunun bir\u00e7ok \u00e7evre taraf\u0131ndan ele\u015ftirildi\u011fini fakat meselenin bilindi\u011finden farkl\u0131 oldu\u011funu s\u00f6yledi. Azizi a\u00e7\u0131klamas\u0131nda operasyona kat\u0131lmama nedenlerinin ABD\u2019nin ne yapaca\u011f\u0131n\u0131n [&hellip;]","og_url":"https:\/\/darkamazi.site\/archives\/1039257","og_site_name":"Darka Mazi","article_publisher":"https:\/\/www.facebook.com\/DarkaMaziturkce","article_published_time":"2026-09-05T13:58:34+00:00","og_image":[{"width":900,"height":500,"url":"https:\/\/darkamazi.site\/file\/2026\/09\/Khalid-Azizi.jpg","type":"image\/jpeg"}],"author":"darka mazi","twitter_card":"summary_large_image","twitter_creator":"@DarkaMaziTurkce","twitter_site":"@DarkaMaziTurkce","twitter_misc":{"Written by":"darka mazi","Est. reading time":"2 minutes"},"schema":{"@context":"https:\/\/schema.org","@graph":[{"@type":"NewsArticle","@id":"https:\/\/darkamazi.site\/archives\/1039257#article","isPartOf":{"@id":"https:\/\/darkamazi.site\/archives\/1039257"},"author":{"name":"darka mazi","@id":"https:\/\/darkamazi.site\/#\/schema\/person\/67986a95ac546c16760365877ef4a9d3"},"headline":"PDK\u0130 s\u00f6zc\u00fcs\u00fcnden \u0130ran ve ya\u015fanan \u00e7at\u0131\u015fmalara d\u00f6n\u00fck \u00f6nemli a\u00e7\u0131klamalar: Sava\u015f kat\u0131lmama karar\u0131n\u0131 ald\u0131k","datePublished":"2026-09-05T13:58:34+00:00","mainEntityOfPage":{"@id":"https:\/\/darkamazi.site\/archives\/1039257"},"wordCount":589,"publisher":{"@id":"https:\/\/darkamazi.site\/#organization"},"image":{"@id":"https:\/\/darkamazi.site\/archives\/1039257#primaryimage"},"thumbnailUrl":"https:\/\/darkamazi.site\/file\/2026\/09\/Khalid-Azizi.jpg","keywords":["\u00f6nemli"],"articleSection":["Kurdistan"],"inLanguage":"en-US"},{"@type":"WebPage","@id":"https:\/\/darkamazi.site\/archives\/1039257","url":"https:\/\/darkamazi.site\/archives\/1039257","name":"PDK\u0130 s\u00f6zc\u00fcs\u00fcnden \u0130ran ve ya\u015fanan \u00e7at\u0131\u015fmalara d\u00f6n\u00fck \u00f6nemli a\u00e7\u0131klamalar: Sava\u015f kat\u0131lmama karar\u0131n\u0131 ald\u0131k - Darka Mazi","isPartOf":{"@id":"https:\/\/darkamazi.site\/#website"},"primaryImageOfPage":{"@id":"https:\/\/darkamazi.site\/archives\/1039257#primaryimage"},"image":{"@id":"https:\/\/darkamazi.site\/archives\/1039257#primaryimage"},"thumbnailUrl":"https:\/\/darkamazi.site\/file\/2026\/09\/Khalid-Azizi.jpg","datePublished":"2026-09-05T13:58:34+00:00","breadcrumb":{"@id":"https:\/\/darkamazi.site\/archives\/1039257#breadcrumb"},"inLanguage":"en-US","potentialAction":[{"@type":"ReadAction","target":["https:\/\/darkamazi.site\/archives\/1039257"]}]},{"@type":"ImageObject","inLanguage":"en-US","@id":"https:\/\/darkamazi.site\/archives\/1039257#primaryimage","url":"https:\/\/darkamazi.site\/file\/2026\/09\/Khalid-Azizi.jpg","contentUrl":"https:\/\/darkamazi.site\/file\/2026\/09\/Khalid-Azizi.jpg","width":900,"height":500,"caption":"PDK\u0130 s\u00f6zc\u00fcs\u00fcnden \u0130ran ve ya\u015fanan \u00e7at\u0131\u015fmalara d\u00f6n\u00fck \u00f6nemli a\u00e7\u0131klamalar: Sava\u015f kat\u0131lmama karar\u0131n\u0131 ald\u0131k"},{"@type":"BreadcrumbList","@id":"https:\/\/darkamazi.site\/archives\/1039257#breadcrumb","itemListElement":[{"@type":"ListItem","position":1,"name":"Home","item":"https:\/\/darkamazi.site\/"},{"@type":"ListItem","position":2,"name":"PDK\u0130 s\u00f6zc\u00fcs\u00fcnden \u0130ran ve ya\u015fanan \u00e7at\u0131\u015fmalara d\u00f6n\u00fck \u00f6nemli a\u00e7\u0131klamalar: Sava\u015f kat\u0131lmama karar\u0131n\u0131 ald\u0131k"}]},{"@type":"WebSite","@id":"https:\/\/darkamazi.site\/#website","url":"https:\/\/darkamazi.site\/","name":"Darka Mazi","description":"Ana Sayfa","publisher":{"@id":"https:\/\/darkamazi.site\/#organization"},"potentialAction":[{"@type":"SearchAction","target":{"@type":"EntryPoint","urlTemplate":"https:\/\/darkamazi.site\/?s={search_term_string}"},"query-input":{"@type":"PropertyValueSpecification","valueRequired":true,"valueName":"search_term_string"}}],"inLanguage":"en-US"},{"@type":"Organization","@id":"https:\/\/darkamazi.site\/#organization","name":"Darka Mazi T\u00fcrk\u00e7e","alternateName":"Darka Mazi","url":"https:\/\/darkamazi.site\/","logo":{"@type":"ImageObject","inLanguage":"en-US","@id":"https:\/\/darkamazi.site\/#\/schema\/logo\/image\/","url":"https:\/\/darkamazi.site\/file\/2017\/12\/darka-mazi-logo.png","contentUrl":"https:\/\/darkamazi.site\/file\/2017\/12\/darka-mazi-logo.png","width":151,"height":75,"caption":"Darka Mazi T\u00fcrk\u00e7e"},"image":{"@id":"https:\/\/darkamazi.site\/#\/schema\/logo\/image\/"},"sameAs":["https:\/\/www.facebook.com\/DarkaMaziturkce","https:\/\/x.com\/DarkaMaziTurkce"]},{"@type":"Person","@id":"https:\/\/darkamazi.site\/#\/schema\/person\/67986a95ac546c16760365877ef4a9d3","name":"darka mazi","sameAs":["https:\/\/darkamazi.site"],"url":"https:\/\/darkamazi.site\/archives\/author\/turkish"}]}},"_links":{"self":[{"href":"https:\/\/darkamazi.site\/funavuv\/wp\/v2\/posts\/1039257","targetHints":{"allow":["GET"]}}],"collection":[{"href":"https:\/\/darkamazi.site\/funavuv\/wp\/v2\/posts"}],"about":[{"href":"https:\/\/darkamazi.site\/funavuv\/wp\/v2\/types\/post"}],"author":[{"embeddable":true,"href":"https:\/\/darkamazi.site\/funavuv\/wp\/v2\/users\/2"}],"replies":[{"embeddable":true,"href":"https:\/\/darkamazi.site\/funavuv\/wp\/v2\/comments?post=1039257"}],"version-history":[{"count":1,"href":"https:\/\/darkamazi.site\/funavuv\/wp\/v2\/posts\/1039257\/revisions"}],"predecessor-version":[{"id":1039259,"href":"https:\/\/darkamazi.site\/funavuv\/wp\/v2\/posts\/1039257\/revisions\/1039259"}],"wp:featuredmedia":[{"embeddable":true,"href":"https:\/\/darkamazi.site\/funavuv\/wp\/v2\/media\/1039258"}],"wp:attachment":[{"href":"https:\/\/darkamazi.site\/funavuv\/wp\/v2\/media?parent=1039257"}],"wp:term":[{"taxonomy":"category","embeddable":true,"href":"https:\/\/darkamazi.site\/funavuv\/wp\/v2\/categories?post=1039257"},{"taxonomy":"post_tag","embeddable":true,"href":"https:\/\/darkamazi.site\/funavuv\/wp\/v2\/tags?post=1039257"}],"curies":[{"name":"wp","href":"https:\/\/api.w.org\/{rel}","templated":true}]}}